{"id":40371,"date":"2012-08-24T10:51:21","date_gmt":"2012-08-24T13:51:21","guid":{"rendered":"http:\/\/www.redenoticia.com.br\/noticia\/?p=40371"},"modified":"2012-08-24T15:53:40","modified_gmt":"2012-08-24T18:53:40","slug":"sao-paulo-lanca-pre-natal-do-homem","status":"publish","type":"post","link":"https:\/\/www.redenoticia.com.br\/noticia\/2012\/sao-paulo-lanca-pre-natal-do-homem\/40371","title":{"rendered":"S\u00e3o Paulo lan\u00e7a \u201cpr\u00e9-natal do homem\u201d"},"content":{"rendered":"<p>A Secretaria de Sa\u00fade do Estado lan\u00e7ou um programa in\u00e9dito voltado \u00e0 sa\u00fade masculina: o <em><strong>pr\u00e9-natal do homem<\/strong><\/em>, inicialmente implantado em 45 munic\u00edpios. O objetivo \u00e9 evitar a transmiss\u00e3o vertical (de m\u00e3e para filho) do HIV (v\u00edrus da AIDS) e s\u00edfilis cong\u00eanita.<\/p>\n<p>O pr\u00e9-natal do homem pretende conscientizar os pais para que procurem servi\u00e7os de sa\u00fade e participem desse momento junto com a mulher. &#8220;Simultaneamente [ao pr\u00e9-natal da mulher], a unidade de sa\u00fade convida o parceiro da gestante para um atendimento individual&#8221;, explica a gerente da \u00e1rea de preven\u00e7\u00e3o do Centro de Refer\u00eancia e Treinamento em DST\/AIDS, na capital, Ivone de Paula.<\/p>\n<p>&#8220;Habitualmente, o homem s\u00f3 procura os servi\u00e7os de sa\u00fade quando j\u00e1 est\u00e1 doente ou recorre a farm\u00e1cias para cuidar de sua sa\u00fade. Quando o assunto envolve doen\u00e7as sexualmente transmiss\u00edveis e sexualidade, a situa\u00e7\u00e3o torna-se ainda mais delicada&#8221;, diz a coordenadora do Programa Estadual DST\/AIDS-SP, Maria Clara Gianna.<\/p>\n<p>At\u00e9 2014, o projeto deve se estar em 190 cidades do Estado de S\u00e3o Paulo.<\/p>\n<p>Os munic\u00edpios que j\u00e1 receberam o programa pr\u00e9-natal do homem s\u00e3o Adamantina, Anhumas, Bady Bassitt, Bastos, Bernardino de Campos, Bragan\u00e7a Paulista, Brotas, Buritizal, Caiu\u00e1, Canitar, Franca, Guar\u00e1, In\u00fabia Paulista, Itapeva, Itatiba, Itu, Ituverava, Jandira, Len\u00e7\u00f3is Paulista, Marapoama, Miguel\u00f3polis, Monte Azul Paulista, Nantes, Ocau\u00e7u, Osvaldo Cruz, Paragua\u00e7u Paulista, Piraju\u00ed, Pirangi, Pirapozinho, Piratininga, Ribeir\u00e3o Pires, Salmour\u00e3o, Saltinho, Santa B\u00e1rbara d&#8217;Oeste, Santo Andr\u00e9, Santos, S\u00e3o Sebasti\u00e3o, S\u00e3o Paulo, S\u00e3o Vicente, Sever\u00ednia, Taquaritinga, Taraba\u00ed, Taubat\u00e9, Teodoro, Sampaio, Tup\u00e3 e Tupi Paulista.<\/p>\n<p>Do Portal do Governo do Estado<\/p>\n","protected":false},"excerpt":{"rendered":"<p>A Secretaria de Sa\u00fade do Estado lan\u00e7ou um programa in\u00e9dito voltado \u00e0 sa\u00fade masculina: o pr\u00e9-natal do homem, inicialmente implantado em 45 munic\u00edpios. O objetivo \u00e9 evitar a transmiss\u00e3o vertical (de m\u00e3e para filho) do HIV (v\u00edrus da AIDS) e s\u00edfilis cong\u00eanita. O pr\u00e9-natal do homem pretende conscientizar os pais para que procurem servi\u00e7os de [&hellip;]<\/p>\n","protected":false},"author":3,"featured_media":37376,"comment_status":"open","ping_status":"closed","sticky":false,"template":"","format":"standard","meta":{"_genesis_hide_title":false,"_genesis_hide_breadcrumbs":false,"_genesis_hide_singular_image":false,"_genesis_hide_footer_widgets":false,"_genesis_custom_body_class":"","_genesis_custom_post_class":"","_genesis_layout":"","_jetpack_memberships_contains_paid_content":false,"footnotes":""},"categories":[22,5],"tags":[],"class_list":{"0":"post-40371","1":"post","2":"type-post","3":"status-publish","4":"format-standard","5":"has-post-thumbnail","7":"category-brasil","8":"category-saude-e-vida","9":"entry","10":"gs-1","11":"gs-odd","12":"gs-even","13":"gs-featured-content-entry"},"jetpack_featured_media_url":"https:\/\/www.redenoticia.com.br\/noticia\/imagens\/saude-doutor.jpg","jetpack_sharing_enabled":true,"jetpack_likes_enabled":true,"_links":{"self":[{"href":"https:\/\/www.redenoticia.com.br\/noticia\/wp-json\/wp\/v2\/posts\/40371","targetHints":{"allow":["GET"]}}],"collection":[{"href":"https:\/\/www.redenoticia.com.br\/noticia\/wp-json\/wp\/v2\/posts"}],"about":[{"href":"https:\/\/www.redenoticia.com.br\/noticia\/wp-json\/wp\/v2\/types\/post"}],"author":[{"embeddable":true,"href":"https:\/\/www.redenoticia.com.br\/noticia\/wp-json\/wp\/v2\/users\/3"}],"replies":[{"embeddable":true,"href":"https:\/\/www.redenoticia.com.br\/noticia\/wp-json\/wp\/v2\/comments?post=40371"}],"version-history":[{"count":0,"href":"https:\/\/www.redenoticia.com.br\/noticia\/wp-json\/wp\/v2\/posts\/40371\/revisions"}],"wp:featuredmedia":[{"embeddable":true,"href":"https:\/\/www.redenoticia.com.br\/noticia\/wp-json\/wp\/v2\/media\/37376"}],"wp:attachment":[{"href":"https:\/\/www.redenoticia.com.br\/noticia\/wp-json\/wp\/v2\/media?parent=40371"}],"wp:term":[{"taxonomy":"category","embeddable":true,"href":"https:\/\/www.redenoticia.com.br\/noticia\/wp-json\/wp\/v2\/categories?post=40371"},{"taxonomy":"post_tag","embeddable":true,"href":"https:\/\/www.redenoticia.com.br\/noticia\/wp-json\/wp\/v2\/tags?post=40371"}],"curies":[{"name":"wp","href":"https:\/\/api.w.org\/{rel}","templated":true}]}}