{"id":40227,"date":"2012-08-14T15:58:07","date_gmt":"2012-08-14T18:58:07","guid":{"rendered":"http:\/\/www.redenoticia.com.br\/noticia\/?p=40227"},"modified":"2012-08-14T15:58:07","modified_gmt":"2012-08-14T18:58:07","slug":"vestibular-fgv-condicoes-especiais-para-inscricao-terminam-dia-17","status":"publish","type":"post","link":"https:\/\/www.redenoticia.com.br\/noticia\/2012\/vestibular-fgv-condicoes-especiais-para-inscricao-terminam-dia-17\/40227","title":{"rendered":"Vestibular FGV : Condi\u00e7\u00f5es especiais para inscri\u00e7\u00e3o terminam dia 17"},"content":{"rendered":"<p>Os interessados em prestar <em><strong>vestibular<\/strong> <\/em>para a <em><strong>FGV<\/strong><\/em> t\u00eam at\u00e9 as 18h do dia 17 de agosto, pr\u00f3xima sexta-feira, para aproveitar as condi\u00e7\u00f5es especiais e pagar R$ 75,00 para se inscrever. Ap\u00f3s esse hor\u00e1rio, ser\u00e1 cobrado o valor integral, R$ 150,00. As inscri\u00e7\u00f5es v\u00e3o at\u00e9 o dia 1\u00ba de outubro no Rio de Janeiro e at\u00e9 o dia 17 de outubro em S\u00e3o Paulo.<\/p>\n<p>Hotsite e Facebook<\/p>\n<p>As inscri\u00e7\u00f5es para o vestibular da FGV devem ser feitas pelo site <a href=\"http:\/\/www.fgv.br\/vestibular\" target=\"_blank\">www.fgv.br\/vestibular<\/a> e, pela primeira vez, por meio da p\u00e1gina da FGV no Facebook (facebook.com\/vestibularfgv). Nesses espa\u00e7os, os candidatos podem acessar os editais de cada curso, assistir a uma aula-convite e conhecer as instala\u00e7\u00f5es da FGV em um passeio virtual guiado por alunos. \u00c9 poss\u00edvel ainda assistir a v\u00eddeos em que alunos, pais, ex-alunos, professores e profissionais de RH falam sobre as vantagens de estudar na Funda\u00e7\u00e3o. Este ano o site do vestibular tamb\u00e9m poder\u00e1 ser acessado pelo celular. Tamb\u00e9m por meio da fanpage da FGV os candidatos poder\u00e3o encarar desafios propostos por algumas das maiores empresas do Brasil e concorrer a pr\u00eamios exclusivos.<\/p>\n<p>Vagas oferecidas<\/p>\n<p>\u2022 Rio de Janeiro \u2013 50 em Administra\u00e7\u00e3o (10 para o ENEM); 50 em Ci\u00eancias Econ\u00f4micas (10 para o ENEM); 30 em Matem\u00e1tica Aplicada (6 para o ENEM); 50 em Ci\u00eancias Sociais (10 para o ENEM); 50 em Hist\u00f3ria (10 para o ENEM) e 70 em Direito (10 para o ENEM).<\/p>\n<p>\u2022 S\u00e3o Paulo \u2013 200 em Administra\u00e7\u00e3o de Empresas; 50 em Administra\u00e7\u00e3o P\u00fablica; 60 em Ci\u00eancias Econ\u00f4micas e 50 em Direito.<\/p>\n<p>Informa\u00e7\u00f5es: 0800 770 0423 ou vestibulares@fgv.br<\/p>\n","protected":false},"excerpt":{"rendered":"<p>Os interessados em prestar vestibular para a FGV t\u00eam at\u00e9 as 18h do dia 17 de agosto, pr\u00f3xima sexta-feira, para aproveitar as condi\u00e7\u00f5es especiais e pagar R$ 75,00 para se inscrever. Ap\u00f3s esse hor\u00e1rio, ser\u00e1 cobrado o valor integral, R$ 150,00. As inscri\u00e7\u00f5es v\u00e3o at\u00e9 o dia 1\u00ba de outubro no Rio de Janeiro e [&hellip;]<\/p>\n","protected":false},"author":3,"featured_media":34896,"comment_status":"open","ping_status":"closed","sticky":false,"template":"","format":"standard","meta":{"_genesis_hide_title":false,"_genesis_hide_breadcrumbs":false,"_genesis_hide_singular_image":false,"_genesis_hide_footer_widgets":false,"_genesis_custom_body_class":"","_genesis_custom_post_class":"","_genesis_layout":"","_jetpack_memberships_contains_paid_content":false,"footnotes":""},"categories":[22,370,295],"tags":[],"class_list":{"0":"post-40227","1":"post","2":"type-post","3":"status-publish","4":"format-standard","5":"has-post-thumbnail","7":"category-brasil","8":"category-inscricao","9":"category-vestibular","10":"entry","11":"gs-1","12":"gs-odd","13":"gs-even","14":"gs-featured-content-entry"},"jetpack_featured_media_url":"https:\/\/www.redenoticia.com.br\/noticia\/imagens\/vestibular2.jpg","jetpack_sharing_enabled":true,"jetpack_likes_enabled":true,"_links":{"self":[{"href":"https:\/\/www.redenoticia.com.br\/noticia\/wp-json\/wp\/v2\/posts\/40227","targetHints":{"allow":["GET"]}}],"collection":[{"href":"https:\/\/www.redenoticia.com.br\/noticia\/wp-json\/wp\/v2\/posts"}],"about":[{"href":"https:\/\/www.redenoticia.com.br\/noticia\/wp-json\/wp\/v2\/types\/post"}],"author":[{"embeddable":true,"href":"https:\/\/www.redenoticia.com.br\/noticia\/wp-json\/wp\/v2\/users\/3"}],"replies":[{"embeddable":true,"href":"https:\/\/www.redenoticia.com.br\/noticia\/wp-json\/wp\/v2\/comments?post=40227"}],"version-history":[{"count":0,"href":"https:\/\/www.redenoticia.com.br\/noticia\/wp-json\/wp\/v2\/posts\/40227\/revisions"}],"wp:featuredmedia":[{"embeddable":true,"href":"https:\/\/www.redenoticia.com.br\/noticia\/wp-json\/wp\/v2\/media\/34896"}],"wp:attachment":[{"href":"https:\/\/www.redenoticia.com.br\/noticia\/wp-json\/wp\/v2\/media?parent=40227"}],"wp:term":[{"taxonomy":"category","embeddable":true,"href":"https:\/\/www.redenoticia.com.br\/noticia\/wp-json\/wp\/v2\/categories?post=40227"},{"taxonomy":"post_tag","embeddable":true,"href":"https:\/\/www.redenoticia.com.br\/noticia\/wp-json\/wp\/v2\/tags?post=40227"}],"curies":[{"name":"wp","href":"https:\/\/api.w.org\/{rel}","templated":true}]}}