{"id":40213,"date":"2012-08-13T16:29:05","date_gmt":"2012-08-13T19:29:05","guid":{"rendered":"http:\/\/www.redenoticia.com.br\/noticia\/?p=40213"},"modified":"2012-08-13T16:29:05","modified_gmt":"2012-08-13T19:29:05","slug":"atletas-paralimpicos-do-brasil-viajam-para-a-inglaterra","status":"publish","type":"post","link":"https:\/\/www.redenoticia.com.br\/noticia\/2012\/atletas-paralimpicos-do-brasil-viajam-para-a-inglaterra\/40213","title":{"rendered":"Atletas paral\u00edmpicos do Brasil viajam para a Inglaterra"},"content":{"rendered":"<p>S\u00e3o Paulo \u2013 Parte dos atletas paral\u00edmpicos brasileiros &#8211; 163, do total de 182 &#8211; viaja hoje (13) para a Inglaterra, onde disputar\u00e3o, de 29 de agosto a 7 de setembro, os <em><strong>Jogos Paral\u00edmpicos<\/strong><\/em>. A delega\u00e7\u00e3o se hospedar\u00e1 na cidade de Manchester, que fica no noroeste do pa\u00eds.<\/p>\n<p>Antes do embarque, os atletas participam em Guarulhos, na manh\u00e3 desta segunda-feira, de uma cerim\u00f4nia com as ministras Eleonora Menicucci, da Secretaria de Pol\u00edticas para as Mulheres, Maria do Ros\u00e1rio, da Secretaria de Direitos Humanos, e o vice-presidente do Comit\u00ea Paral\u00edmpico Brasileiro (CPB), Luiz Cl\u00e1udio Pereira.<\/p>\n<p>Entre os atletas que viajam est\u00e1 a judoca Daniele Bernardes Milan, da categoria at\u00e9 63 quilos. A atleta, que tem defici\u00eancia visual, conquistou ouro no Campeonato Mundial de Cegos da Associa\u00e7\u00e3o Internacional de Esportes para Cegos (Ibsa, a sigla em ingl\u00eas) em abril do ano passado e espera repetir o feito nas Paralimp\u00edadas de Londres. \u201cEstou indo l\u00e1 para isso, minha meta \u00e9 essa\u201d, disse.<\/p>\n<p>Let\u00edcia Oliveira Freitas, de 18 anos, soube somente em junho deste ano que estaria nas Paralimp\u00edadas de Londres. A nadadora, que tamb\u00e9m tem defici\u00eancia visual, conta que ficou surpresa com a convoca\u00e7\u00e3o. \u201cO meu objetivo principal era participar das Paralimp\u00edadas de 2016, quando vi meu nome l\u00e1 n\u00e3o acreditei\u201d, disse. A maior especialidade de Let\u00edcia \u00e9 o nado borboleta, modalidade que n\u00e3o faz parte dos Jogos de Londres. Por isso, ela precisou modificar seu treinamento para disputar, individualmente, os 50 metros livres, 100 metros livres e \u00a0200 metros\u00a0medley.<\/p>\n<p>No atletismo, Andr\u00e9 Luiz de Oliveira, de 39 anos, praticamente n\u00e3o tem qualquer movimento na perna esquerda. Destaque do salto em dist\u00e2ncia, o atleta j\u00e1 conquistou o bronze no Parapan do Rio (2007). Andr\u00e9 tamb\u00e9m j\u00e1 foi medalha de prata no revezamento 4&#215;100 metros em Pequim (2008), mas, este ano, ser\u00e1 reserva na modalidade devido a mudan\u00e7as feitas nas regras pelo Comit\u00ea Internacional.<\/p>\n<p>\u201cA sele\u00e7\u00e3o pode colocar tr\u00eas atletas com defici\u00eancia superior e um com inferior. Como na inferior o Alan Fonteles \u00e9 mais r\u00e1pido do que eu, ele vai correr. Com isso, o Brasil ficou mais forte, tem mais chance de conquistar o ouro\u201d, explicou.<\/p>\n<p>Nestas Paralimp\u00edadas, o Brasil participa de 18 das 20 modalidades que integram os jogos. Participam, no total, 165 pa\u00edses com 4.200 atletas. Na \u00faltima edi\u00e7\u00e3o, em Pequim em 2008, foram quebrados 279 recordes mundiais e o Brasil conquistou o 9\u00ba lugar, com 47 medalhas no total \u2013 16 de ouro, 14 de prata e 17 de bronze. A meta da delega\u00e7\u00e3o \u00e9 ficar, no m\u00ednimo, entre os sete primeiros no quadro geral de medalhas este ano.<\/p>\n<p>Fernanda Cruz<br \/>\nRep\u00f3rter da Ag\u00eancia Brasil<br \/>\nEdi\u00e7\u00e3o: Gra\u00e7a Adjuto<\/p>\n","protected":false},"excerpt":{"rendered":"<p>S\u00e3o Paulo \u2013 Parte dos atletas paral\u00edmpicos brasileiros &#8211; 163, do total de 182 &#8211; viaja hoje (13) para a Inglaterra, onde disputar\u00e3o, de 29 de agosto a 7 de setembro, os Jogos Paral\u00edmpicos. A delega\u00e7\u00e3o se hospedar\u00e1 na cidade de Manchester, que fica no noroeste do pa\u00eds. Antes do embarque, os atletas participam em [&hellip;]<\/p>\n","protected":false},"author":3,"featured_media":39880,"comment_status":"open","ping_status":"closed","sticky":false,"template":"","format":"standard","meta":{"_genesis_hide_title":false,"_genesis_hide_breadcrumbs":false,"_genesis_hide_singular_image":false,"_genesis_hide_footer_widgets":false,"_genesis_custom_body_class":"","_genesis_custom_post_class":"","_genesis_layout":"","_jetpack_memberships_contains_paid_content":false,"footnotes":""},"categories":[22],"tags":[],"class_list":{"0":"post-40213","1":"post","2":"type-post","3":"status-publish","4":"format-standard","5":"has-post-thumbnail","7":"category-brasil","8":"entry","9":"gs-1","10":"gs-odd","11":"gs-even","12":"gs-featured-content-entry"},"jetpack_featured_media_url":"https:\/\/www.redenoticia.com.br\/noticia\/imagens\/olimpiadas.jpg","jetpack_sharing_enabled":true,"jetpack_likes_enabled":true,"_links":{"self":[{"href":"https:\/\/www.redenoticia.com.br\/noticia\/wp-json\/wp\/v2\/posts\/40213","targetHints":{"allow":["GET"]}}],"collection":[{"href":"https:\/\/www.redenoticia.com.br\/noticia\/wp-json\/wp\/v2\/posts"}],"about":[{"href":"https:\/\/www.redenoticia.com.br\/noticia\/wp-json\/wp\/v2\/types\/post"}],"author":[{"embeddable":true,"href":"https:\/\/www.redenoticia.com.br\/noticia\/wp-json\/wp\/v2\/users\/3"}],"replies":[{"embeddable":true,"href":"https:\/\/www.redenoticia.com.br\/noticia\/wp-json\/wp\/v2\/comments?post=40213"}],"version-history":[{"count":0,"href":"https:\/\/www.redenoticia.com.br\/noticia\/wp-json\/wp\/v2\/posts\/40213\/revisions"}],"wp:featuredmedia":[{"embeddable":true,"href":"https:\/\/www.redenoticia.com.br\/noticia\/wp-json\/wp\/v2\/media\/39880"}],"wp:attachment":[{"href":"https:\/\/www.redenoticia.com.br\/noticia\/wp-json\/wp\/v2\/media?parent=40213"}],"wp:term":[{"taxonomy":"category","embeddable":true,"href":"https:\/\/www.redenoticia.com.br\/noticia\/wp-json\/wp\/v2\/categories?post=40213"},{"taxonomy":"post_tag","embeddable":true,"href":"https:\/\/www.redenoticia.com.br\/noticia\/wp-json\/wp\/v2\/tags?post=40213"}],"curies":[{"name":"wp","href":"https:\/\/api.w.org\/{rel}","templated":true}]}}