{"id":40083,"date":"2012-08-02T15:38:50","date_gmt":"2012-08-02T18:38:50","guid":{"rendered":"http:\/\/www.redenoticia.com.br\/noticia\/?p=40083"},"modified":"2012-08-13T16:44:26","modified_gmt":"2012-08-13T19:44:26","slug":"concurso-camara-dos-deputados-cespunb-138-vagas","status":"publish","type":"post","link":"https:\/\/www.redenoticia.com.br\/noticia\/2012\/concurso-camara-dos-deputados-cespunb-138-vagas\/40083","title":{"rendered":"Concurso C\u00e2mara dos Deputados Cesp\/Unb &#8211; 138 vagas"},"content":{"rendered":"<p><em><strong>Concurso C\u00e2mara dos Deputados<\/strong><\/em> pela <em><strong>Cesp\/Unb<\/strong><\/em> &#8211; A C\u00e2mara dos Deputados lan\u00e7ou edital de concurso p\u00fablico para o preenchimento de 138 vagas para os cargos de Analista Legislativo e T\u00e9cnico Legislativo. Do total de vagas, sete s\u00e3o reservadas para candidatos portadores de defici\u00eancia. As fases do certame ser\u00e3o aplicadas em Bras\u00edlia (DF).<\/p>\n<p>O \u00f3rg\u00e3o abriu 133 vagas para o cargo de Analista Legislativo de diferentes atribui\u00e7\u00f5es de n\u00edvel superior. As oportunidades s\u00e3o para M\u00e9dico de quatro especialidades, Muse\u00f3logo, que exigem forma\u00e7\u00e3o na \u00e1rea, Taqu\u00edgrafo Legislativo e T\u00e9cnica Legislativa, que exigem gradua\u00e7\u00e3o em qualquer \u00e1rea ou habilita\u00e7\u00e3o legal equivalente. A remunera\u00e7\u00e3o do cargo \u00e9 R$ 14.825,69.<\/p>\n<p>As cinco vagas de T\u00e9cnico Legislativo, de n\u00edvel m\u00e9dio, s\u00e3o para atribui\u00e7\u00f5es que exigem forma\u00e7\u00e3o em servi\u00e7os param\u00e9dicos para as atividades de T\u00e9cnico em Radiologia ou T\u00e9cnico em Gesso. Os candidatos devem ter conclu\u00eddo o ensino m\u00e9dio e ter curso t\u00e9cnico da atividade pretendida. A remunera\u00e7\u00e3o \u00e9 R$ 7.438,62.<\/p>\n<p>As inscri\u00e7\u00f5es podem ser feitas entre os dias 8 e 28 de agosto, no endere\u00e7o eletr\u00f4nico<a href=\"http:\/\/www.cespe.unb.br\/concursos\/cd_12_at\" target=\"_blank\">www.cespe.unb.br\/concursos\/cd_12_at<\/a>. As taxas s\u00e3o de R$ 70,00 para n\u00edvel m\u00e9dio e R$ 90,00 para n\u00edvel superior.<\/p>\n<p>Todos os candidatos ser\u00e3o avaliados por meio de provas objetivas. Haver\u00e1 provas discursivas para quem for concorrer ao cargo de Analista Legislativo, exceto para a \u00e1rea de Taqu\u00edgrafo, e avalia\u00e7\u00e3o de t\u00edtulos exclusivamente para M\u00e9dico e Muse\u00f3logo. Os candidatos a Taqu\u00edgrafo ainda ser\u00e3o avaliados por meio de prova pr\u00e1tica de an\u00e1lise textual e prova pr\u00e1tica de apanhamento taquigr\u00e1fico. Os candidatos de n\u00edvel m\u00e9dio realizar\u00e3o prova pr\u00e1tica.<\/p>\n<p>As provas objetivas, as provas discursivas e a prova pr\u00e1tica de an\u00e1lise textual ser\u00e3o aplicadas na data prov\u00e1vel de 30 de setembro. J\u00e1 a prova pr\u00e1tica de apanhamento taquigr\u00e1fico e a prova pr\u00e1tica para os cargos de n\u00edvel m\u00e9dio est\u00e3o previstas para 18 de novembro.<\/p>\n<p>SERVI\u00c7O<br \/>\nConcurso: C\u00e2mara dos Deputados<br \/>\nCargos: Analista Legislativo e T\u00e9cnico Legislativo<br \/>\nVagas: 138, sendo sete para portadores de defici\u00eancia<br \/>\nRemunera\u00e7\u00e3o: R$ 7.438,62 para n\u00edvel m\u00e9dio e R$ 14.825,69, n\u00edvel superior<br \/>\nInscri\u00e7\u00f5es: Entre os dias 8 e 28 de agosto<br \/>\nTaxa: R$ 70,00 (T\u00e9cnico) e R$ 90,00 (Analista)<br \/>\nProvas objetivas, prova discursiva e prova pr\u00e1tica de an\u00e1lise textual: 30 de setembro<\/p>\n<p>CONTATO<br \/>\nOutras informa\u00e7\u00f5es no site\u00a0<a href=\"http:\/\/www.cespe.unb.br\/concursos\/cd_12_at\" target=\"_blank\">www.cespe.unb.br\/concursos\/cd_12_at<\/a>\u00a0ou na Central de Atendimento do Cespe\/UnB, de segunda a sexta, das 8h \u00e0s 19h \u2013 Campus Universit\u00e1rio Darcy Ribeiro, Sede do Cespe\/UnB \u2013 (61) 3448 0100.<\/p>\n","protected":false},"excerpt":{"rendered":"<p>Concurso C\u00e2mara dos Deputados pela Cesp\/Unb &#8211; A C\u00e2mara dos Deputados lan\u00e7ou edital de concurso p\u00fablico para o preenchimento de 138 vagas para os cargos de Analista Legislativo e T\u00e9cnico Legislativo. Do total de vagas, sete s\u00e3o reservadas para candidatos portadores de defici\u00eancia. As fases do certame ser\u00e3o aplicadas em Bras\u00edlia (DF). O \u00f3rg\u00e3o abriu [&hellip;]<\/p>\n","protected":false},"author":3,"featured_media":25797,"comment_status":"open","ping_status":"closed","sticky":false,"template":"","format":"standard","meta":{"_genesis_hide_title":false,"_genesis_hide_breadcrumbs":false,"_genesis_hide_singular_image":false,"_genesis_hide_footer_widgets":false,"_genesis_custom_body_class":"","_genesis_custom_post_class":"","_genesis_layout":"","_jetpack_memberships_contains_paid_content":false,"footnotes":""},"categories":[22,352,370],"tags":[],"class_list":{"0":"post-40083","1":"post","2":"type-post","3":"status-publish","4":"format-standard","5":"has-post-thumbnail","7":"category-brasil","8":"category-concursos","9":"category-inscricao","10":"entry","11":"gs-1","12":"gs-odd","13":"gs-even","14":"gs-featured-content-entry"},"jetpack_featured_media_url":"https:\/\/www.redenoticia.com.br\/noticia\/imagens\/cespe-unb-concurso.jpg","jetpack_sharing_enabled":true,"jetpack_likes_enabled":true,"_links":{"self":[{"href":"https:\/\/www.redenoticia.com.br\/noticia\/wp-json\/wp\/v2\/posts\/40083","targetHints":{"allow":["GET"]}}],"collection":[{"href":"https:\/\/www.redenoticia.com.br\/noticia\/wp-json\/wp\/v2\/posts"}],"about":[{"href":"https:\/\/www.redenoticia.com.br\/noticia\/wp-json\/wp\/v2\/types\/post"}],"author":[{"embeddable":true,"href":"https:\/\/www.redenoticia.com.br\/noticia\/wp-json\/wp\/v2\/users\/3"}],"replies":[{"embeddable":true,"href":"https:\/\/www.redenoticia.com.br\/noticia\/wp-json\/wp\/v2\/comments?post=40083"}],"version-history":[{"count":0,"href":"https:\/\/www.redenoticia.com.br\/noticia\/wp-json\/wp\/v2\/posts\/40083\/revisions"}],"wp:featuredmedia":[{"embeddable":true,"href":"https:\/\/www.redenoticia.com.br\/noticia\/wp-json\/wp\/v2\/media\/25797"}],"wp:attachment":[{"href":"https:\/\/www.redenoticia.com.br\/noticia\/wp-json\/wp\/v2\/media?parent=40083"}],"wp:term":[{"taxonomy":"category","embeddable":true,"href":"https:\/\/www.redenoticia.com.br\/noticia\/wp-json\/wp\/v2\/categories?post=40083"},{"taxonomy":"post_tag","embeddable":true,"href":"https:\/\/www.redenoticia.com.br\/noticia\/wp-json\/wp\/v2\/tags?post=40083"}],"curies":[{"name":"wp","href":"https:\/\/api.w.org\/{rel}","templated":true}]}}