{"id":4007,"date":"2009-06-28T13:48:50","date_gmt":"2009-06-28T17:48:50","guid":{"rendered":"http:\/\/www.redenoticia.com.br\/noticia\/?p=4007"},"modified":"2009-06-28T16:40:44","modified_gmt":"2009-06-28T20:40:44","slug":"inscricao-para-concurso-de-monografia-que-entregara-10-mil-ao-vencedor","status":"publish","type":"post","link":"https:\/\/www.redenoticia.com.br\/noticia\/2009\/inscricao-para-concurso-de-monografia-que-entregara-10-mil-ao-vencedor\/4007","title":{"rendered":"Inscri\u00e7\u00e3o para concurso de monografia que entregar\u00e1 10 mil ao vencedor"},"content":{"rendered":"<p>Com a finalidade de incentivar a pesquisa e a elabora\u00e7\u00e3o de trabalhos t\u00e9cnicos na \u00e1rea de previd\u00eancia complementar, a Secretaria de Previd\u00eancia Complementar (SPC) tornou p\u00fablico o regulamento para o 2\u00ba Concurso de Monografias.<br \/>\n<a href=\"http:\/\/www.previdencia.gov.br\/arquivos\/office\/3_090610-154310-738.pdf\" target=\"_blank\">Portaria n\u00ba 157, de\u00a0\u00a0 08\u00a0 de junho de 2009<\/a>. <a href=\"http:\/\/www.previdenciasocial.gov.br\/arquivos\/office\/3_090623-153928-586.pdf\" target=\"_blank\">Ato de Retifica\u00e7\u00e3o<\/a><\/p>\n<p>A exemplo do que ocorreu no primeiro concurso, em 2008, a SPC manteve parceria com a Funda\u00e7\u00e3o Anfip de Estudos de Seguridade Social, na realiza\u00e7\u00e3o desse evento. Al\u00e9m dos pr\u00eamios em dinheiro para os tr\u00eas primeiros lugares, os organizadores do concurso ter\u00e3o seus trabalhos publicados e receber\u00e3o os pr\u00eamios durante o 30\u00b0 Congresso Brasileiro dos Fundos de Pens\u00e3o, que ter\u00e1 lugar em Curitiba, no per\u00edodo de 30 de setembro a 2 de outubro. Os pr\u00eamios pecuni\u00e1rios s\u00e3o: R$ 10 mil para o 1\u00ba colocado; R$ 7 mil para o 2\u00ba e R$ 3 mil para o terceiro.<\/p>\n<p>Os candidatos devem ficar atentos \u00e0 data final de entrega dos trabalhos junto \u00e0 Funda\u00e7\u00e3o Anfip: <strong>17 de agosto de 2009<\/strong>, no endere\u00e7o: <a href=\"http:\/\/www.fundacaoanfip.org.br\/\" target=\"_blank\">www.fundacaoanfip.org.br<\/a>. Al\u00e9m disso, continuam em vigor as regras b\u00e1sicas do primeiro concurso: trabalho in\u00e9dito, tratando de tema atual e consonante com as diretrizes da pol\u00edtica de previd\u00eancia complementar.<\/p>\n<p>Para o concurso de 2009, foram escolhidos cinco temas pela SPC:<\/p>\n<ol>\n<li>A      relev\u00e2ncia dos programas de Educa\u00e7\u00e3o Financeira e Previdenci\u00e1ria para o      fomento da Previd\u00eancia Complementar;<\/li>\n<li>Certifica\u00e7\u00e3o      de dirigentes de entidades fechadas de previd\u00eancia complementar (EFPC):      processo e\/ou import\u00e2ncia para os participantes de planos de benef\u00edcios;<\/li>\n<li>Desafios      para a estrutura\u00e7\u00e3o dos \u00f3rg\u00e3os de governan\u00e7a da regula\u00e7\u00e3o e supervis\u00e3o das      atividades das entidades fechadas de previd\u00eancia complementar;<\/li>\n<li>A Defesa      do Contrato Previdenci\u00e1rio;<\/li>\n<li>Gest\u00e3o de      Investimentos das entidades fechadas de previd\u00eancia complementar em      ambiente de taxa de juros decrescentes.<\/li>\n<\/ol>\n","protected":false},"excerpt":{"rendered":"<p>Com a finalidade de incentivar a pesquisa e a elabora\u00e7\u00e3o de trabalhos t\u00e9cnicos na \u00e1rea de previd\u00eancia complementar, a Secretaria de Previd\u00eancia Complementar (SPC) tornou p\u00fablico o regulamento para o 2\u00ba Concurso de Monografias. Portaria n\u00ba 157, de\u00a0\u00a0 08\u00a0 de junho de 2009. Ato de Retifica\u00e7\u00e3o A exemplo do que ocorreu no primeiro concurso, em [&hellip;]<\/p>\n","protected":false},"author":3,"featured_media":0,"comment_status":"open","ping_status":"open","sticky":false,"template":"","format":"standard","meta":{"_genesis_hide_title":false,"_genesis_hide_breadcrumbs":false,"_genesis_hide_singular_image":false,"_genesis_hide_footer_widgets":false,"_genesis_custom_body_class":"","_genesis_custom_post_class":"","_genesis_layout":"","_jetpack_memberships_contains_paid_content":false,"footnotes":""},"categories":[22],"tags":[],"class_list":{"0":"post-4007","1":"post","2":"type-post","3":"status-publish","4":"format-standard","6":"category-brasil","7":"entry","8":"gs-1","9":"gs-odd","10":"gs-even","11":"gs-featured-content-entry"},"jetpack_featured_media_url":"","jetpack_sharing_enabled":true,"jetpack_likes_enabled":true,"_links":{"self":[{"href":"https:\/\/www.redenoticia.com.br\/noticia\/wp-json\/wp\/v2\/posts\/4007","targetHints":{"allow":["GET"]}}],"collection":[{"href":"https:\/\/www.redenoticia.com.br\/noticia\/wp-json\/wp\/v2\/posts"}],"about":[{"href":"https:\/\/www.redenoticia.com.br\/noticia\/wp-json\/wp\/v2\/types\/post"}],"author":[{"embeddable":true,"href":"https:\/\/www.redenoticia.com.br\/noticia\/wp-json\/wp\/v2\/users\/3"}],"replies":[{"embeddable":true,"href":"https:\/\/www.redenoticia.com.br\/noticia\/wp-json\/wp\/v2\/comments?post=4007"}],"version-history":[{"count":0,"href":"https:\/\/www.redenoticia.com.br\/noticia\/wp-json\/wp\/v2\/posts\/4007\/revisions"}],"wp:attachment":[{"href":"https:\/\/www.redenoticia.com.br\/noticia\/wp-json\/wp\/v2\/media?parent=4007"}],"wp:term":[{"taxonomy":"category","embeddable":true,"href":"https:\/\/www.redenoticia.com.br\/noticia\/wp-json\/wp\/v2\/categories?post=4007"},{"taxonomy":"post_tag","embeddable":true,"href":"https:\/\/www.redenoticia.com.br\/noticia\/wp-json\/wp\/v2\/tags?post=4007"}],"curies":[{"name":"wp","href":"https:\/\/api.w.org\/{rel}","templated":true}]}}