{"id":39995,"date":"2012-07-27T15:10:33","date_gmt":"2012-07-27T18:10:33","guid":{"rendered":"http:\/\/www.redenoticia.com.br\/noticia\/?p=39995"},"modified":"2012-07-27T15:10:33","modified_gmt":"2012-07-27T18:10:33","slug":"sbpc-reitera-criticas-aos-cortes-no-orcamento-para-ciencia-tecnologia-e-inovacao","status":"publish","type":"post","link":"https:\/\/www.redenoticia.com.br\/noticia\/2012\/sbpc-reitera-criticas-aos-cortes-no-orcamento-para-ciencia-tecnologia-e-inovacao\/39995","title":{"rendered":"SBPC reitera cr\u00edticas aos cortes no or\u00e7amento para ci\u00eancia, tecnologia e inova\u00e7\u00e3o"},"content":{"rendered":"<p><img loading=\"lazy\" decoding=\"async\" class=\"alignleft size-full wp-image-38938\" title=\"economia\" src=\"https:\/\/www.redenoticia.com.br\/noticia\/imagens\/economia1.jpg\" alt=\"\" width=\"300\" height=\"193\" srcset=\"https:\/\/www.redenoticia.com.br\/noticia\/imagens\/economia1.jpg 300w, https:\/\/www.redenoticia.com.br\/noticia\/imagens\/economia1-250x160.jpg 250w, https:\/\/www.redenoticia.com.br\/noticia\/imagens\/economia1-150x96.jpg 150w\" sizes=\"auto, (max-width: 300px) 100vw, 300px\" \/>S\u00e3o Lu\u00eds \u2013 A presidenta da Sociedade Brasileira para o Progresso da Ci\u00eancia (SBPC), Helena Nader, criticou hoje (27) os <em><strong>cortes no or\u00e7amento<\/strong><\/em> do governo para as \u00e1reas de ci\u00eancia, tecnologia e inova\u00e7\u00e3o. \u201cO minist\u00e9rio [da Ci\u00eancia, Tecnologia e Inova\u00e7\u00e3o &#8211; MCTI] ganhou nova fun\u00e7\u00e3o e n\u00e3o \u00e9 poss\u00edvel ficar com essa letra a mais [Inova\u00e7\u00e3o] mantendo o fluxo que \u00e9 fazer ci\u00eancia em qualquer pa\u00eds. J\u00e1 s\u00e3o dois anos consecutivos com cortes no or\u00e7amento. No ano passado, alertei que o governo federal, ao cortar os recursos do MCTI, estaria sinalizando para os estados mudan\u00e7as de atitude, isso j\u00e1 est\u00e1 acontecendo. As funda\u00e7\u00f5es de apoio j\u00e1 est\u00e3o com menos dinheiro. Isso n\u00e3o est\u00e1 de acordo com o programa ousado, fant\u00e1stico, que somos totalmente a favor, que \u00e9 o Ci\u00eancia sem Fronteiras\u201d, disse \u00e0 Ag\u00eancia Brasil.<\/p>\n<p>O Brasil fica entre os 13 pa\u00edses com maior produ\u00e7\u00e3o cient\u00edfica (ranking baseado na produ\u00e7\u00e3o de artigos cient\u00edficos publicados em revistas especializadas), mas ocupa o 47\u00ba lugar em inova\u00e7\u00e3o, pesquisa e desenvolvimento. O Estado \u00e9 o principal investidor em pesquisa e desenvolvimento no pa\u00eds.<\/p>\n<p>Em rela\u00e7\u00e3o ao programa Ci\u00eancia sem Fronteiras, Helena Nader questionou as garantias dadas para o retorno dos pesquisadores que fazem interc\u00e2mbio no exterior. \u201cTemos que ter uma garantia para a volta com qualidade desses profissionais. Mercado n\u00e3o falta, principalmente nas \u00e1reas de engenharias e tecnologias, mas o retorno n\u00e3o \u00e9 apenas para o mercado de trabalho, mas com rela\u00e7\u00e3o ao financiamento [de pesquisas].\u201d<\/p>\n<p>Com o programa, o governo pretende enviar 101 mil profissionais e pesquisadores para diversos pa\u00edses em quatro anos. A ideia \u00e9 o governo custear 75 mil bolsas de estudo e espera que a iniciativa privada viabilize mais 25 mil. O programa inclui desde bolsas do tipo sandu\u00edche (em que parte do curso \u00e9 feita no Brasil e outra parte no exterior) de gradua\u00e7\u00e3o at\u00e9 p\u00f3s-doutorado em 18 \u00e1reas de tecnologia, engenharia, biomedicina e biodiversidade.<\/p>\n<p>A presidenta da SBPC destacou tamb\u00e9m que a entidade n\u00e3o \u00e9 contr\u00e1ria ao sistema de cotas adotado pelas universidades p\u00fablicas. No entanto, discorda de projeto de lei que prev\u00ea reserva de 50% das vagas em universidades a estudantes de escolas p\u00fablicas por ferir a autonomia das institui\u00e7\u00f5es de ensino.<\/p>\n<p>\u201cO que realmente nos preocupa bastante \u00e9 o Projeto de Lei n\u00ba 180 de 2008, que est\u00e1 para ser votado no Senado. Ele fere a autonomia universit\u00e1ria, por subordinar 50% do ingresso no ensino superior aos crit\u00e9rios de cada escola de ensino m\u00e9dio e tira da universidade o direito de opinar sobre o perfil de seu aluno. A SBPC nunca foi contra as cotas, at\u00e9 porque as universidades j\u00e1 adotam o sistema h\u00e1 mais de oito anos\u201d, explicou, no encerramento da 64\u00aa Reuni\u00e3o da SBPC.<\/p>\n<p>Heloisa Cristaldo<br \/>\nEnviada Especial<br \/>\nEdi\u00e7\u00e3o: Carolina Pimentel<\/p>\n","protected":false},"excerpt":{"rendered":"<p>S\u00e3o Lu\u00eds \u2013 A presidenta da Sociedade Brasileira para o Progresso da Ci\u00eancia (SBPC), Helena Nader, criticou hoje (27) os cortes no or\u00e7amento do governo para as \u00e1reas de ci\u00eancia, tecnologia e inova\u00e7\u00e3o. \u201cO minist\u00e9rio [da Ci\u00eancia, Tecnologia e Inova\u00e7\u00e3o &#8211; MCTI] ganhou nova fun\u00e7\u00e3o e n\u00e3o \u00e9 poss\u00edvel ficar com essa letra a mais [&hellip;]<\/p>\n","protected":false},"author":3,"featured_media":38938,"comment_status":"open","ping_status":"closed","sticky":false,"template":"","format":"standard","meta":{"_genesis_hide_title":false,"_genesis_hide_breadcrumbs":false,"_genesis_hide_singular_image":false,"_genesis_hide_footer_widgets":false,"_genesis_custom_body_class":"","_genesis_custom_post_class":"","_genesis_layout":"","_jetpack_memberships_contains_paid_content":false,"footnotes":""},"categories":[22,7],"tags":[],"class_list":{"0":"post-39995","1":"post","2":"type-post","3":"status-publish","4":"format-standard","5":"has-post-thumbnail","7":"category-brasil","8":"category-economia","9":"entry","10":"gs-1","11":"gs-odd","12":"gs-even","13":"gs-featured-content-entry"},"jetpack_featured_media_url":"https:\/\/www.redenoticia.com.br\/noticia\/imagens\/economia1.jpg","jetpack_sharing_enabled":true,"jetpack_likes_enabled":true,"_links":{"self":[{"href":"https:\/\/www.redenoticia.com.br\/noticia\/wp-json\/wp\/v2\/posts\/39995","targetHints":{"allow":["GET"]}}],"collection":[{"href":"https:\/\/www.redenoticia.com.br\/noticia\/wp-json\/wp\/v2\/posts"}],"about":[{"href":"https:\/\/www.redenoticia.com.br\/noticia\/wp-json\/wp\/v2\/types\/post"}],"author":[{"embeddable":true,"href":"https:\/\/www.redenoticia.com.br\/noticia\/wp-json\/wp\/v2\/users\/3"}],"replies":[{"embeddable":true,"href":"https:\/\/www.redenoticia.com.br\/noticia\/wp-json\/wp\/v2\/comments?post=39995"}],"version-history":[{"count":0,"href":"https:\/\/www.redenoticia.com.br\/noticia\/wp-json\/wp\/v2\/posts\/39995\/revisions"}],"wp:featuredmedia":[{"embeddable":true,"href":"https:\/\/www.redenoticia.com.br\/noticia\/wp-json\/wp\/v2\/media\/38938"}],"wp:attachment":[{"href":"https:\/\/www.redenoticia.com.br\/noticia\/wp-json\/wp\/v2\/media?parent=39995"}],"wp:term":[{"taxonomy":"category","embeddable":true,"href":"https:\/\/www.redenoticia.com.br\/noticia\/wp-json\/wp\/v2\/categories?post=39995"},{"taxonomy":"post_tag","embeddable":true,"href":"https:\/\/www.redenoticia.com.br\/noticia\/wp-json\/wp\/v2\/tags?post=39995"}],"curies":[{"name":"wp","href":"https:\/\/api.w.org\/{rel}","templated":true}]}}