{"id":39992,"date":"2012-07-27T15:04:58","date_gmt":"2012-07-27T18:04:58","guid":{"rendered":"http:\/\/www.redenoticia.com.br\/noticia\/?p=39992"},"modified":"2012-07-27T15:04:58","modified_gmt":"2012-07-27T18:04:58","slug":"spturis-cria-nove-roteiros-para-explorar-sao-paulo","status":"publish","type":"post","link":"https:\/\/www.redenoticia.com.br\/noticia\/2012\/spturis-cria-nove-roteiros-para-explorar-sao-paulo\/39992","title":{"rendered":"SPTuris cria nove roteiros para explorar S\u00e3o Paulo"},"content":{"rendered":"<p>A SPTuris criou nove <em><strong>roteiros<\/strong> <\/em>tem\u00e1ticos para possibilitar aos visitantes \u2013 e tamb\u00e9m aos moradores da Capital \u2013 conhecer diferentes aspectos que comp\u00f5em a cultura e a hist\u00f3ria da metr\u00f3pole. Os guias s\u00e3o distribu\u00eddos nas Centrais de Informa\u00e7\u00e3o <em><strong>Tur\u00edsticas<\/strong> <\/em>(CITs) espalhadas pela cidade e podem ser acessados tamb\u00e9m pela internet. A grande novidade \u00e9 o Audioguia (que pode ser baixado pela internet e acompanhado pelo turista durante o passeio por meio de seu MP3 player ou smartphone, por exemplo) e tamb\u00e9m da Audiodescri\u00e7\u00e3o (com descritivo de cada atrativo do trajeto, espec\u00edfico para pessoas com defici\u00eancia visual).<\/p>\n<p>Os guias trazem informa\u00e7\u00f5es sobre atrativos, contextualiza\u00e7\u00e3o hist\u00f3rica e dicas para descobrir a cidade a partir dos temas: Arquitetura pelo Centro Hist\u00f3rico, Cultura Afro, Arte Urbana, Cidade Criativa, Ecorrural, Independ\u00eancia do Brasil, Caf\u00e9, Futebol e Mirantes. O objetivo \u00e9 promover e valorizar cada uma dessas qualidades paulistanas e mostrar uma nova forma de vivenciar a metr\u00f3pole. O projeto integra a Meta 166 da Agenda 2012 (\u201cFormatar nove novos roteiros tur\u00edsticos tem\u00e1ticos\u201d).<\/p>\n<p>Confira os roteiros dispon\u00edveis<br \/>\nArquitetura pelo Centro Hist\u00f3rico de S\u00e3o Paulo: O centro da cidade por si s\u00f3 engloba boa parte da hist\u00f3ria paulistana. Este roteiro tem como principal atra\u00e7\u00e3o os movimentos arquitet\u00f4nicos presentes na regi\u00e3o que, aliados ao contexto hist\u00f3rico, revelam a grandeza e a for\u00e7a dessa metr\u00f3pole.<\/p>\n<p>Cultura Afro: A cultura afro \u00e9 uma das matrizes \u00e9tnicas da tradi\u00e7\u00e3o brasileira, por isso o roteiro tur\u00edstico do tema busca a afrodescend\u00eancia na trajet\u00f3ria paulista. Alguns destaques do trajeto s\u00e3o o Centro Cultural Africano, o Museu Afro Brasil e o Samba da Vela.<br \/>\nIndepend\u00eancia do Brasil: O dia 7 de setembro de 1822 representou um grande marco n\u00e3o s\u00f3 para o pa\u00eds, mas tamb\u00e9m para S\u00e3o Paulo. A cidade presenciou o Grito de Independ\u00eancia, proclamado \u00e0s margens do riacho Ipiranga, e uma grande mudan\u00e7a no cen\u00e1rio pol\u00edtico e econ\u00f4mico do Brasil. O trajeto resgata essa hist\u00f3ria e passa por alguns dos pontos mais importantes desse per\u00edodo.<br \/>\nMirantes de S\u00e3o Paulo: A imensid\u00e3o de S\u00e3o Paulo pode ser contemplada n\u00e3o s\u00f3 economicamente, mas tamb\u00e9m fisicamente. A cidade possui diversos arranha-c\u00e9us que guardam uma beleza panor\u00e2mica.<\/p>\n<p>Futebol: O futebol j\u00e1 \u00e9 um s\u00edmbolo brasileiro e paulistano. Em S\u00e3o Paulo, est\u00e3o localizados alguns dos principais times do pa\u00eds. Est\u00e1dios e museus tem\u00e1ticos revelam um pouco da hist\u00f3ria do esporte e da paix\u00e3o dos torcedores que se mistura com a vida do pr\u00f3prio paulistano.<\/p>\n<p>Arte Urbana: Diferentes manifesta\u00e7\u00f5es art\u00edsticas caracterizam a metr\u00f3pole paulista e s\u00e3o encontradas tanto em museus, quanto em muros e ruas da cidade.<\/p>\n<p>Cidade Criativa: S\u00e3o Paulo hoje se insere no conceito de cidade criativa, pois concilia valores inovadores e vanguardistas, globais e caracter\u00edsticos, al\u00e9m de apresentar uma rica manifesta\u00e7\u00e3o cultural.<\/p>\n<p>Caf\u00e9 e a Hist\u00f3ria de S\u00e3o Paulo: Na capital paulista o caf\u00e9 representa muito mais do que a segunda bebida mais consumida do mundo; sua economia desencadeou um grande desenvolvimento contribuindo para sua ascens\u00e3o \u00e0 maior metr\u00f3pole da Am\u00e9rica Latina.<\/p>\n<p>S\u00e3o Paulo Ecorrural: A capital paulista mant\u00e9m todos os tipos de ambiente. Um exemplo disto s\u00e3o as \u00c1reas de Prote\u00e7\u00e3o Ambiental (APAs), regidas por lei, e que j\u00e1 se tornaram pontos ecotur\u00edsticos de potencial. As APAs Boror\u00e9-Col\u00f4nia e Capivari-Monos s\u00e3o destaques deste roteiro sustent\u00e1vel, cujo guia \u00e9 um pouco mais detalhado e traz informa\u00e7\u00f5es sobre fauna, flora, aldeias ind\u00edgenas presentes no local e v\u00e1rias outras.<\/p>\n<p>Sobre a agenda 2012<br \/>\nA Agenda 2012 define as metas de curto, m\u00e9dio e longo prazos da administra\u00e7\u00e3o municipal e atende \u00e0s exig\u00eancias da Emenda n\u00ba 30 da Lei Org\u00e2nica do Munic\u00edpio, aprovada pela C\u00e2mara Municipal. O programa teve in\u00edcio em 2009, dividido em 223 metas, e \u00e9 uma ferramenta que confere mais transpar\u00eancia do gestor com os compromissos assumidos com a popula\u00e7\u00e3o durante as elei\u00e7\u00f5es, ao passo que permite o acompanhamento constante das a\u00e7\u00f5es de governo, seja por meio de informa\u00e7\u00f5es atualizadas frequentemente no site do Programa de Metas (www.agenda2012.com.br) ou por relat\u00f3rios divulgados a cada seis meses. At\u00e9 o momento, foram conclu\u00eddas 86 metas das quais 23 excederam seus objetivos iniciais. Outr as 136 est\u00e3o em andamento e 63 dessas j\u00e1 s\u00e3o utilizadas pela popula\u00e7\u00e3o.<\/p>\n","protected":false},"excerpt":{"rendered":"<p>A SPTuris criou nove roteiros tem\u00e1ticos para possibilitar aos visitantes \u2013 e tamb\u00e9m aos moradores da Capital \u2013 conhecer diferentes aspectos que comp\u00f5em a cultura e a hist\u00f3ria da metr\u00f3pole. Os guias s\u00e3o distribu\u00eddos nas Centrais de Informa\u00e7\u00e3o Tur\u00edsticas (CITs) espalhadas pela cidade e podem ser acessados tamb\u00e9m pela internet. A grande novidade \u00e9 o [&hellip;]<\/p>\n","protected":false},"author":3,"featured_media":39993,"comment_status":"open","ping_status":"closed","sticky":false,"template":"","format":"standard","meta":{"_genesis_hide_title":false,"_genesis_hide_breadcrumbs":false,"_genesis_hide_singular_image":false,"_genesis_hide_footer_widgets":false,"_genesis_custom_body_class":"","_genesis_custom_post_class":"","_genesis_layout":"","_jetpack_memberships_contains_paid_content":false,"footnotes":""},"categories":[22],"tags":[],"class_list":{"0":"post-39992","1":"post","2":"type-post","3":"status-publish","4":"format-standard","5":"has-post-thumbnail","7":"category-brasil","8":"entry","9":"gs-1","10":"gs-odd","11":"gs-even","12":"gs-featured-content-entry"},"jetpack_featured_media_url":"https:\/\/www.redenoticia.com.br\/noticia\/imagens\/viagem-turismo-ferias-mapa.jpg","jetpack_sharing_enabled":true,"jetpack_likes_enabled":true,"_links":{"self":[{"href":"https:\/\/www.redenoticia.com.br\/noticia\/wp-json\/wp\/v2\/posts\/39992","targetHints":{"allow":["GET"]}}],"collection":[{"href":"https:\/\/www.redenoticia.com.br\/noticia\/wp-json\/wp\/v2\/posts"}],"about":[{"href":"https:\/\/www.redenoticia.com.br\/noticia\/wp-json\/wp\/v2\/types\/post"}],"author":[{"embeddable":true,"href":"https:\/\/www.redenoticia.com.br\/noticia\/wp-json\/wp\/v2\/users\/3"}],"replies":[{"embeddable":true,"href":"https:\/\/www.redenoticia.com.br\/noticia\/wp-json\/wp\/v2\/comments?post=39992"}],"version-history":[{"count":0,"href":"https:\/\/www.redenoticia.com.br\/noticia\/wp-json\/wp\/v2\/posts\/39992\/revisions"}],"wp:featuredmedia":[{"embeddable":true,"href":"https:\/\/www.redenoticia.com.br\/noticia\/wp-json\/wp\/v2\/media\/39993"}],"wp:attachment":[{"href":"https:\/\/www.redenoticia.com.br\/noticia\/wp-json\/wp\/v2\/media?parent=39992"}],"wp:term":[{"taxonomy":"category","embeddable":true,"href":"https:\/\/www.redenoticia.com.br\/noticia\/wp-json\/wp\/v2\/categories?post=39992"},{"taxonomy":"post_tag","embeddable":true,"href":"https:\/\/www.redenoticia.com.br\/noticia\/wp-json\/wp\/v2\/tags?post=39992"}],"curies":[{"name":"wp","href":"https:\/\/api.w.org\/{rel}","templated":true}]}}