{"id":39940,"date":"2012-07-24T14:58:41","date_gmt":"2012-07-24T17:58:41","guid":{"rendered":"http:\/\/www.redenoticia.com.br\/noticia\/?p=39940"},"modified":"2012-07-24T14:58:41","modified_gmt":"2012-07-24T17:58:41","slug":"futebol-feminino-inicia-caminhada-pelo-ouro","status":"publish","type":"post","link":"https:\/\/www.redenoticia.com.br\/noticia\/2012\/futebol-feminino-inicia-caminhada-pelo-ouro\/39940","title":{"rendered":"Futebol feminino inicia caminhada pelo ouro"},"content":{"rendered":"<p>Come\u00e7a nesta quarta-feira, 24 de julho, a caminhada da <em><strong>sele\u00e7\u00e3o brasileira feminina de futebol<\/strong> <\/em>em busca da medalha de ouro nos Jogos Ol\u00edmpicos <em><strong>Londres 2012<\/strong><\/em>. No grupo E, as meninas do Brasil enfrentam o Egito \u00e0s 14h45 (hor\u00e1rio de Bras\u00edlia) no Millenniun Stadium, em Cardiff, capital do Pa\u00eds de Gales. No s\u00e1bado, 28, jogam contra a Nova Zel\u00e2ndia, tamb\u00e9m em Cardiff, \u00e0s 10h30. A \u00faltima partida da fase de grupos \u00e9 contra a dona da casa, Gr\u00e3 Bretanha, no est\u00e1dio de Wembley, em Londres, \u00e0s 15h45 do dia 31.<\/p>\n<p>As duas medalhas de prata conquistadas nos Jogos Ol\u00edmpicos Atenas 2004 e Pequim 2008 credenciam a equipe para voos mais altos. Maduras, algumas jogadoras t\u00eam o t\u00edtulo ol\u00edmpico como seu principal desafio. \u00c9 o caso principalmente de Marta, escolhida como melhor jogadora do mundo por cinco anos consecutivos (2006 a 2010) e bicampe\u00e3 dos Jogos Pan-Americanos (2003 e 2007). \u00c0 gera\u00e7\u00e3o dela, de Cristiane e Formiga, falta este t\u00edtulo.<\/p>\n<p>&#8220;Nossa hist\u00f3ria est\u00e1 mudando. Vamos trabalhar jogo a jogo. O time est\u00e1 concentrado em busca do ouro&#8221;, disse a zagueira e capit\u00e3 da equipe, Daiane Rodrigues, a Bag\u00e9, de 29 anos.<\/p>\n<p>A prepara\u00e7\u00e3o come\u00e7ou na Granja Comary, em Teres\u00f3polis, na regi\u00e3o serrana do Rio de Janeiro. O grupo ficou concentrado de 4 a 29 de junho. Depois de dois dias de folga, se reapresentou e, em 6 de julho, embarcou para uma pr\u00e9-temporada na Su\u00ed\u00e7a, que incluiu tr\u00eas amistosos, todos vencidos pelo Brasil: 2 a 0 contra o SC Kriens, equipe vice-campe\u00e3 su\u00ed\u00e7a; e 2 a 1 contra a Col\u00f4mbia e contra o Canad\u00e1, que havia vencido o Brasil na final dos Jogos Pan-Americanos de Guadalajara, no ano passado.<\/p>\n<p>\u201cA gente est\u00e1 confiante, n\u00e3o saiu do Brasil e veio \u00e0 toa para os Jogos Ol\u00edmpicos. Temos a frustra\u00e7\u00e3o de ter chegado \u00e0 final duas vezes e n\u00e3o ter conseguido\u201d, admitiu a atacante Cristiane, de 27.<\/p>\n<p>A palavra de ordem \u00e9 luta. O grupo est\u00e1 coeso e concentrado no grande objetivo. \u201cA gente vai brigar por isso at\u00e9 o fim. Tenho certeza que temos muito a mostrar\u201d, afirmou Marta, 26 anos.<\/p>\n<p>A sele\u00e7\u00e3o brasileira comandada pelo t\u00e9cnico Jorge Barcellos \u00e9 formada pelas goleiras Andreia Suntaque e B\u00e1rbara, as laterais Fabi, Maurine, Danielli Pereira e Rosana, as zagueiras Daiane (Bag\u00e9), \u00c9rika, Bruna e Aline Pellegrino, as meias Ester, Francielle, Renata Costa e Formiga e as atacantes Cristiane, Grazielle, Marta e Thaisinha.<\/p>\n<p>O grupo F \u00e9 composto por \u00c1frica do Sul, Jap\u00e3o, Canad\u00e1 e Su\u00e9cia. O G, por Col\u00f4mbia, Coreia do Norte, e Estados Unidos. A medalha de ouro ser\u00e1 disputada no dia 9 de agosto, no Est\u00e1dio de Wembley, \u00e0s 15h45 (hor\u00e1rio de Bras\u00edlia). Desde a inclus\u00e3o do futebol feminino no programa ol\u00edmpico, nos Jogos de Atlanta, os Estados Unidos venceram tr\u00eas vezes (1996, 2004 e 2008) e a Noruega, uma (2000). O Brasil ficou em quarto lugar em 96 e 2000 e em segundo em 2004 e 2008.<\/p>\n<p>Fl\u00e1via Ribeiro, de Londres<\/p>\n<p><a href=\"http:\/\/www.cob.org.br\/noticias-cob\" target=\"_blank\">COB<\/a> &#8211; Rela\u00e7\u00f5es com a Imprensa<\/p>\n","protected":false},"excerpt":{"rendered":"<p>Come\u00e7a nesta quarta-feira, 24 de julho, a caminhada da sele\u00e7\u00e3o brasileira feminina de futebol em busca da medalha de ouro nos Jogos Ol\u00edmpicos Londres 2012. No grupo E, as meninas do Brasil enfrentam o Egito \u00e0s 14h45 (hor\u00e1rio de Bras\u00edlia) no Millenniun Stadium, em Cardiff, capital do Pa\u00eds de Gales. No s\u00e1bado, 28, jogam contra [&hellip;]<\/p>\n","protected":false},"author":3,"featured_media":39880,"comment_status":"open","ping_status":"closed","sticky":false,"template":"","format":"standard","meta":{"_genesis_hide_title":false,"_genesis_hide_breadcrumbs":false,"_genesis_hide_singular_image":false,"_genesis_hide_footer_widgets":false,"_genesis_custom_body_class":"","_genesis_custom_post_class":"","_genesis_layout":"","_jetpack_memberships_contains_paid_content":false,"footnotes":""},"categories":[22],"tags":[],"class_list":{"0":"post-39940","1":"post","2":"type-post","3":"status-publish","4":"format-standard","5":"has-post-thumbnail","7":"category-brasil","8":"entry","9":"gs-1","10":"gs-odd","11":"gs-even","12":"gs-featured-content-entry"},"jetpack_featured_media_url":"https:\/\/www.redenoticia.com.br\/noticia\/imagens\/olimpiadas.jpg","jetpack_sharing_enabled":true,"jetpack_likes_enabled":true,"_links":{"self":[{"href":"https:\/\/www.redenoticia.com.br\/noticia\/wp-json\/wp\/v2\/posts\/39940","targetHints":{"allow":["GET"]}}],"collection":[{"href":"https:\/\/www.redenoticia.com.br\/noticia\/wp-json\/wp\/v2\/posts"}],"about":[{"href":"https:\/\/www.redenoticia.com.br\/noticia\/wp-json\/wp\/v2\/types\/post"}],"author":[{"embeddable":true,"href":"https:\/\/www.redenoticia.com.br\/noticia\/wp-json\/wp\/v2\/users\/3"}],"replies":[{"embeddable":true,"href":"https:\/\/www.redenoticia.com.br\/noticia\/wp-json\/wp\/v2\/comments?post=39940"}],"version-history":[{"count":0,"href":"https:\/\/www.redenoticia.com.br\/noticia\/wp-json\/wp\/v2\/posts\/39940\/revisions"}],"wp:featuredmedia":[{"embeddable":true,"href":"https:\/\/www.redenoticia.com.br\/noticia\/wp-json\/wp\/v2\/media\/39880"}],"wp:attachment":[{"href":"https:\/\/www.redenoticia.com.br\/noticia\/wp-json\/wp\/v2\/media?parent=39940"}],"wp:term":[{"taxonomy":"category","embeddable":true,"href":"https:\/\/www.redenoticia.com.br\/noticia\/wp-json\/wp\/v2\/categories?post=39940"},{"taxonomy":"post_tag","embeddable":true,"href":"https:\/\/www.redenoticia.com.br\/noticia\/wp-json\/wp\/v2\/tags?post=39940"}],"curies":[{"name":"wp","href":"https:\/\/api.w.org\/{rel}","templated":true}]}}