{"id":3993,"date":"2009-06-28T13:09:58","date_gmt":"2009-06-28T17:09:58","guid":{"rendered":"http:\/\/www.redenoticia.com.br\/noticia\/?p=3993"},"modified":"2009-06-28T13:11:41","modified_gmt":"2009-06-28T17:11:41","slug":"metodista-divulga-gabarito-do-processo-seletivo-%e2%80%93-2%c2%ba-semestre-de-2009","status":"publish","type":"post","link":"https:\/\/www.redenoticia.com.br\/noticia\/2009\/metodista-divulga-gabarito-do-processo-seletivo-%e2%80%93-2%c2%ba-semestre-de-2009\/3993","title":{"rendered":"Metodista divulga gabarito do Processo Seletivo \u2013 2\u00ba semestre de 2009"},"content":{"rendered":"<p style=\"margin: 0px;\"><span style=\"font-family: Arial; font-size: x-small;\"><span style=\"font-size: 11pt; font-family: Arial;\">Terminou h\u00e1 pouco, \u00e0s 13 horas deste domingo, dia 28 de junho, a prova tradicional do Processo Seletivo \u2013 2\u00ba Semestre de 2009, da Universidade Metodista de S\u00e3o Paulo. <\/span><\/span><\/p>\n<p style=\"margin: 0px;\"><span style=\"font-family: Arial; font-size: x-small;\"><span style=\"font-size: 11pt; font-family: Arial;\"> <\/span><\/span><\/p>\n<p style=\"margin: 0px;\"><span style=\"font-family: Arial; color: navy; font-size: x-small;\"><span style=\"font-size: 11pt; font-family: Arial; color: navy;\">O<\/span><\/span><span style=\"font-family: Arial; font-size: x-small;\"><span style=\"font-size: 11pt; font-family: Arial;\"> gabarito da prova tradicional da Metodista pode ser conferido na p\u00e1gina\u00a0<a style=\"color: #0000cc;\" title=\"http:\/\/www.metodista.br\/\" href=\"http:\/\/www.metodista.br\/\" target=\"_blank\">www.metodista.br<\/a>.\u00a0Neste \u00faltimo s\u00e1bado, dia 27 de junho, tamb\u00e9m foi realizada, das 15h \u00e0s 19h, a prova digital<span style=\"color: navy;\"><span style=\"color: navy;\">,<\/span><\/span> no Campus Rudge Ramos.<\/span><\/span><\/p>\n<p style=\"margin: 0px;\"><span style=\"font-family: Arial; font-size: x-small;\"><span style=\"font-size: 11pt; font-family: Arial;\"> <\/span><\/span><\/p>\n<p style=\"margin: 0px;\"><span style=\"font-family: Arial; font-size: x-small;\"><span style=\"font-size: 11pt; font-family: Arial;\">Os resultados do Processo Seletivo ser\u00e3o divulgados no dia 1\u00ba de julho (quarta-feira), no site da Metodista (<a style=\"color: #0000cc;\" title=\"http:\/\/www.metodista.br\/\" href=\"http:\/\/www.metodista.br\/\" target=\"_blank\">www.metodista.br<\/a> ) e no Campus Rudge Ramos.<\/span><\/span><\/p>\n<p style=\"margin: 0px;\"><span style=\"font-family: Arial; font-size: x-small;\"><span style=\"font-size: 11pt; font-family: Arial;\"> <\/span><\/span><\/p>\n<p style=\"margin: 0px;\"><span style=\"font-family: Arial; font-size: x-small;\"><span style=\"font-size: 11pt; font-family: Arial;\"> As matr\u00edculas (da primeira chamada) dever\u00e3o ser feitas\u00a0<span style=\"color: navy;\"><span style=\"color: navy;\">n<\/span><\/span>os d<strong><strong><span style=\"font-family: Arial;\"><span style=\"font-family: Arial; font-weight: normal;\">ias<\/span><\/span><\/strong><\/strong><strong><strong><span style=\"font-family: Arial;\"><span style=\"font-family: Arial;\"> <\/span><\/span><\/strong><\/strong><strong><strong><span style=\"font-family: Arial;\"><span style=\"font-family: Arial; font-weight: normal;\">06 e 07 de julho, das 10h \u00e0s 21h<\/span><\/span><\/strong><\/strong>, no Campus Rudge Ramos (Rua Planalto 106 \u2013 Rudge Ramos \u2013 S\u00e3o Bernardo), apresentando, no ato da matr\u00edcula, uma c\u00f3pia autenticada dos seguintes documentos:<\/span><\/span><\/p>\n<p style=\"margin: 0px;\"><span style=\"font-family: Arial; font-size: x-small;\"><span style=\"font-size: 11pt; font-family: Arial;\"> <\/span><\/span><\/p>\n<p style=\"margin: 0px;\"><span style=\"font-family: Arial; font-size: x-small;\"><span style=\"font-size: 11pt; font-family: Arial;\">&#8211; Certificado de Conclus\u00e3o do Ensino M\u00e9dio;<\/span><\/span><\/p>\n<p style=\"margin: 0px;\"><span style=\"font-family: Arial; font-size: x-small;\"><span style=\"font-size: 11pt; font-family: Arial;\">&#8211; Hist\u00f3rico Escolar do Ensino M\u00e9dio;<\/span><\/span><\/p>\n<p style=\"margin: 0px;\"><span style=\"font-family: Arial; font-size: x-small;\"><span style=\"font-size: 11pt; font-family: Arial;\">&#8211; Cadastro de Pessoa F\u00edsica (CPF);<\/span><\/span><\/p>\n<p style=\"margin: 0px;\"><span style=\"font-family: Arial; font-size: x-small;\"><span style=\"font-size: 11pt; font-family: Arial;\">&#8211; C\u00e9dula de Identidade;<\/span><\/span><\/p>\n<p style=\"margin: 0px;\"><span style=\"font-family: Arial; font-size: x-small;\"><span style=\"font-size: 11pt; font-family: Arial;\">&#8211; Certid\u00e3o de Casamento;<\/span><\/span><\/p>\n<p style=\"margin: 0px;\"><span style=\"font-family: Arial; font-size: x-small;\"><span style=\"font-size: 11pt; font-family: Arial;\">&#8211; Comprovante de resid\u00eancia (c\u00f3pia simples);<\/span><\/span><\/p>\n<p style=\"margin: 0px;\"><span style=\"font-family: Arial; font-size: x-small;\"><span style=\"font-size: 11pt; font-family: Arial;\">&#8211; Al\u00e9m de uma foto 3&#215;4 recente.<\/span><\/span><\/p>\n<p style=\"margin: 0px;\"><span style=\"font-family: Arial; font-size: x-small;\"><span style=\"font-size: 11pt; font-family: Arial;\"> <\/span><\/span><\/p>\n<p style=\"margin: 0px;\"><strong><span style=\"font-family: Arial; font-size: x-small;\"><span style=\"font-size: 11pt; font-family: Arial; font-weight: bold;\">Manifesta\u00e7\u00e3o de interesse<\/span><\/span><\/strong><\/p>\n<p style=\"margin: 0px;\"><span style=\"font-family: Arial; font-size: x-small;\"><span style=\"font-size: 11pt; font-family: Arial;\"> <\/span><\/span><\/p>\n<p style=\"margin: 0px;\"><span style=\"font-family: Arial; font-size: x-small;\"><span style=\"font-size: 11pt; font-family: Arial;\">O candidato que n\u00e3o for convocado para a matr\u00edcula poder\u00e1 fazer a sua manifesta\u00e7\u00e3o de interesse pelo site da Metodista (<a style=\"color: #0000cc;\" href=\"http:\/\/www.metodista.br\/\" target=\"_blank\">www.metodista.br<\/a><span style=\"color: navy;\"><span style=\"color: navy;\">) <\/span><\/span>entre os dias de 3 a 5\u00a0de junho de 2009. Ele poder\u00e1 manifestar interesse\u00a0<span style=\"color: navy;\"><span style=\"color: navy;\">por<\/span><\/span> cursos\/habilita\u00e7\u00f5es que possuam vagas dispon\u00edveis.<\/span><\/span><\/p>\n<p style=\"margin: 0px;\"><span style=\"font-family: Arial; font-size: x-small;\"><span style=\"font-size: 11pt; font-family: Arial;\"> <\/span><\/span><\/p>\n<p style=\"margin: 0px;\"><span style=\"font-family: Arial; font-size: x-small;\"><span style=\"font-size: 11pt; font-family: Arial;\">Ap\u00f3s o per\u00edodo de inscri\u00e7\u00e3o, ser\u00e1 feita a reclassifica\u00e7\u00e3o da pontua\u00e7\u00e3o do candidato para a nova op\u00e7\u00e3o. O resultado ser\u00e1 divulgado no dia 06 de julho de 2009. As matr\u00edculas dos candidatos reclassificados, conforme nova op\u00e7\u00e3o<span style=\"color: navy;\"><span style=\"color: navy;\">,<\/span><\/span> ser\u00e3o efetuada no dia 08 de julho de 2009, das 10h \u00e0s 21h. As informa\u00e7\u00f5es completas sobre as matr\u00edculas podem ser obtidas no site da Universidade (<a style=\"color: #0000cc;\" href=\"http:\/\/www.metodista.br\/vestibular\" target=\"_blank\">www.metodista.br\/vestibular<\/a> ).<\/span><\/span><\/p>\n","protected":false},"excerpt":{"rendered":"<p>Terminou h\u00e1 pouco, \u00e0s 13 horas deste domingo, dia 28 de junho, a prova tradicional do Processo Seletivo \u2013 2\u00ba Semestre de 2009, da Universidade Metodista de S\u00e3o Paulo. O gabarito da prova tradicional da Metodista pode ser conferido na p\u00e1gina\u00a0www.metodista.br.\u00a0Neste \u00faltimo s\u00e1bado, dia 27 de junho, tamb\u00e9m foi realizada, das 15h \u00e0s 19h, a [&hellip;]<\/p>\n","protected":false},"author":2,"featured_media":0,"comment_status":"open","ping_status":"open","sticky":false,"template":"","format":"standard","meta":{"_genesis_hide_title":false,"_genesis_hide_breadcrumbs":false,"_genesis_hide_singular_image":false,"_genesis_hide_footer_widgets":false,"_genesis_custom_body_class":"","_genesis_custom_post_class":"","_genesis_layout":"","_jetpack_memberships_contains_paid_content":false,"footnotes":""},"categories":[22],"tags":[],"class_list":{"0":"post-3993","1":"post","2":"type-post","3":"status-publish","4":"format-standard","6":"category-brasil","7":"entry","8":"gs-1","9":"gs-odd","10":"gs-even","11":"gs-featured-content-entry"},"jetpack_featured_media_url":"","jetpack_sharing_enabled":true,"jetpack_likes_enabled":true,"_links":{"self":[{"href":"https:\/\/www.redenoticia.com.br\/noticia\/wp-json\/wp\/v2\/posts\/3993","targetHints":{"allow":["GET"]}}],"collection":[{"href":"https:\/\/www.redenoticia.com.br\/noticia\/wp-json\/wp\/v2\/posts"}],"about":[{"href":"https:\/\/www.redenoticia.com.br\/noticia\/wp-json\/wp\/v2\/types\/post"}],"author":[{"embeddable":true,"href":"https:\/\/www.redenoticia.com.br\/noticia\/wp-json\/wp\/v2\/users\/2"}],"replies":[{"embeddable":true,"href":"https:\/\/www.redenoticia.com.br\/noticia\/wp-json\/wp\/v2\/comments?post=3993"}],"version-history":[{"count":0,"href":"https:\/\/www.redenoticia.com.br\/noticia\/wp-json\/wp\/v2\/posts\/3993\/revisions"}],"wp:attachment":[{"href":"https:\/\/www.redenoticia.com.br\/noticia\/wp-json\/wp\/v2\/media?parent=3993"}],"wp:term":[{"taxonomy":"category","embeddable":true,"href":"https:\/\/www.redenoticia.com.br\/noticia\/wp-json\/wp\/v2\/categories?post=3993"},{"taxonomy":"post_tag","embeddable":true,"href":"https:\/\/www.redenoticia.com.br\/noticia\/wp-json\/wp\/v2\/tags?post=3993"}],"curies":[{"name":"wp","href":"https:\/\/api.w.org\/{rel}","templated":true}]}}