{"id":39871,"date":"2012-07-19T15:33:12","date_gmt":"2012-07-19T18:33:12","guid":{"rendered":"http:\/\/www.redenoticia.com.br\/noticia\/?p=39871"},"modified":"2012-07-19T15:33:13","modified_gmt":"2012-07-19T18:33:13","slug":"expectativa-socioeconomica-das-familias-apresenta-alta","status":"publish","type":"post","link":"https:\/\/www.redenoticia.com.br\/noticia\/2012\/expectativa-socioeconomica-das-familias-apresenta-alta\/39871","title":{"rendered":"Expectativa socioecon\u00f4mica das fam\u00edlias apresenta alta"},"content":{"rendered":"<p><img loading=\"lazy\" decoding=\"async\" class=\"alignleft size-full wp-image-38938\" title=\"economia\" src=\"https:\/\/www.redenoticia.com.br\/noticia\/imagens\/economia1.jpg\" alt=\"\" width=\"300\" height=\"193\" srcset=\"https:\/\/www.redenoticia.com.br\/noticia\/imagens\/economia1.jpg 300w, https:\/\/www.redenoticia.com.br\/noticia\/imagens\/economia1-250x160.jpg 250w, https:\/\/www.redenoticia.com.br\/noticia\/imagens\/economia1-150x96.jpg 150w\" sizes=\"auto, (max-width: 300px) 100vw, 300px\" \/>A presidenta do Ipea, Vanessa Petrelli Corr\u00eaa, destacou a eleva\u00e7\u00e3o do resultado geral do \u00cdndice de Expectativas das Fam\u00edlias(<em><strong>IEF<\/strong><\/em>) obtido em junho \u2014 de 1,5 ponto \u2014, em compara\u00e7\u00e3o a maio. \u201cEsse resultado, aliado ao baixo endividamento manifestado pelas fam\u00edlias, nos permite desenhar boas expectativas das fam\u00edlias para a economia do pa\u00eds\u201d, afirmou Vanessa.<\/p>\n<p>O \u00edndice ficou em 68,5 pontos, com ressalto positivo para a regi\u00e3o Centro-Oeste \u2014 como tem ocorrido nas demais edi\u00e7\u00f5es \u2014, que manifestou otimismo de 86 pontos, passando do patamar de otimismo para o de grande otimismo. A regi\u00e3o com menor otimismo foi a Norte, 62,7 pontos em junho, uma alta de 3,2 pontos em rela\u00e7\u00e3o ao m\u00eas anterior. \u201cA confian\u00e7a das fam\u00edlias na economia \u00e9 um fator importante para analisarmos o comportamento da economia do pa\u00eds frente \u00e0 din\u00e2mica mundial\u201d, disse a presidenta.<\/p>\n<p>Ela fez a apresenta\u00e7\u00e3o do IEF de junho com a colabora\u00e7\u00e3o e media\u00e7\u00e3o do chefe da Assessoria T\u00e9cnica da Presid\u00eancia do Ipea, Andr\u00e9 Calixtre, e exp\u00f4s os resultados das quest\u00f5es que medem as expectativas familiares sobre a situa\u00e7\u00e3o econ\u00f4mica nacional, a condi\u00e7\u00e3o financeira passada e futura, decis\u00f5es de consumo, endividamento e condi\u00e7\u00f5es de quita\u00e7\u00e3o de d\u00edvidas e contas atrasadas, al\u00e9m do mercado de trabalho. A pesquisa foi realizada em 3.810 munic\u00edpios de todas as unidades da federa\u00e7\u00e3o, pelo m\u00e9todo de amostragem probabil\u00edstica.<\/p>\n<p>Para os pr\u00f3ximos 12 meses, o Centro-Oeste \u00e9 tamb\u00e9m o mais otimista ao considerar a situa\u00e7\u00e3o econ\u00f4mica do Brasil, com 88,8% das fam\u00edlias acreditando que haver\u00e1 melhores momentos. No Sul, esse resultado cai para 49,5 pontos percentuais. A situa\u00e7\u00e3o \u00e9 semelhante \u00e0 pesquisa das expectativas para os pr\u00f3ximos cinco anos na economia do pa\u00eds.<\/p>\n<p>Ainda sobre a expectativa para os pr\u00f3ximos cinco anos, al\u00e9m da regi\u00e3o Sul, a Norte tamb\u00e9m manifestou resultados menores quanto \u00e0 espera por melhores momentos. Segundo Vanessa, esse resultado relaciona-se \u00e0s especificidades da regi\u00e3o, que tem alta taxa de confian\u00e7a na estabilidade do emprego, mas n\u00e3o v\u00ea grandes melhorias futuras.<\/p>\n<p>J\u00e1 no caso do Sul, uma das poss\u00edveis explica\u00e7\u00f5es para o otimismo reduzido \u00e9 o fato de a regi\u00e3o ser bastante industrializada e contar com uma agricultura familiar bem integrada. \u201cA ind\u00fastria tradicional \u00e9 muito forte no Sul, e \u00e9 esse setor que vem sofrendo impactos com a desindustrializa\u00e7\u00e3o\u201d, explicou a presidenta do Ipea.<\/p>\n","protected":false},"excerpt":{"rendered":"<p>A presidenta do Ipea, Vanessa Petrelli Corr\u00eaa, destacou a eleva\u00e7\u00e3o do resultado geral do \u00cdndice de Expectativas das Fam\u00edlias(IEF) obtido em junho \u2014 de 1,5 ponto \u2014, em compara\u00e7\u00e3o a maio. \u201cEsse resultado, aliado ao baixo endividamento manifestado pelas fam\u00edlias, nos permite desenhar boas expectativas das fam\u00edlias para a economia do pa\u00eds\u201d, afirmou Vanessa. O [&hellip;]<\/p>\n","protected":false},"author":3,"featured_media":38938,"comment_status":"open","ping_status":"closed","sticky":false,"template":"","format":"standard","meta":{"_genesis_hide_title":false,"_genesis_hide_breadcrumbs":false,"_genesis_hide_singular_image":false,"_genesis_hide_footer_widgets":false,"_genesis_custom_body_class":"","_genesis_custom_post_class":"","_genesis_layout":"","_jetpack_memberships_contains_paid_content":false,"footnotes":""},"categories":[22,7],"tags":[],"class_list":{"0":"post-39871","1":"post","2":"type-post","3":"status-publish","4":"format-standard","5":"has-post-thumbnail","7":"category-brasil","8":"category-economia","9":"entry","10":"gs-1","11":"gs-odd","12":"gs-even","13":"gs-featured-content-entry"},"jetpack_featured_media_url":"https:\/\/www.redenoticia.com.br\/noticia\/imagens\/economia1.jpg","jetpack_sharing_enabled":true,"jetpack_likes_enabled":true,"_links":{"self":[{"href":"https:\/\/www.redenoticia.com.br\/noticia\/wp-json\/wp\/v2\/posts\/39871","targetHints":{"allow":["GET"]}}],"collection":[{"href":"https:\/\/www.redenoticia.com.br\/noticia\/wp-json\/wp\/v2\/posts"}],"about":[{"href":"https:\/\/www.redenoticia.com.br\/noticia\/wp-json\/wp\/v2\/types\/post"}],"author":[{"embeddable":true,"href":"https:\/\/www.redenoticia.com.br\/noticia\/wp-json\/wp\/v2\/users\/3"}],"replies":[{"embeddable":true,"href":"https:\/\/www.redenoticia.com.br\/noticia\/wp-json\/wp\/v2\/comments?post=39871"}],"version-history":[{"count":0,"href":"https:\/\/www.redenoticia.com.br\/noticia\/wp-json\/wp\/v2\/posts\/39871\/revisions"}],"wp:featuredmedia":[{"embeddable":true,"href":"https:\/\/www.redenoticia.com.br\/noticia\/wp-json\/wp\/v2\/media\/38938"}],"wp:attachment":[{"href":"https:\/\/www.redenoticia.com.br\/noticia\/wp-json\/wp\/v2\/media?parent=39871"}],"wp:term":[{"taxonomy":"category","embeddable":true,"href":"https:\/\/www.redenoticia.com.br\/noticia\/wp-json\/wp\/v2\/categories?post=39871"},{"taxonomy":"post_tag","embeddable":true,"href":"https:\/\/www.redenoticia.com.br\/noticia\/wp-json\/wp\/v2\/tags?post=39871"}],"curies":[{"name":"wp","href":"https:\/\/api.w.org\/{rel}","templated":true}]}}