{"id":39557,"date":"2012-06-26T10:29:13","date_gmt":"2012-06-26T13:29:13","guid":{"rendered":"http:\/\/www.redenoticia.com.br\/noticia\/?p=39557"},"modified":"2012-06-26T16:31:03","modified_gmt":"2012-06-26T19:31:03","slug":"queda-de-precos-em-transportes-segura-a-inflacao-em-sao-paulo","status":"publish","type":"post","link":"https:\/\/www.redenoticia.com.br\/noticia\/2012\/queda-de-precos-em-transportes-segura-a-inflacao-em-sao-paulo\/39557","title":{"rendered":"Queda de pre\u00e7os em transportes segura a infla\u00e7\u00e3o em S\u00e3o Paulo"},"content":{"rendered":"<p><img loading=\"lazy\" decoding=\"async\" class=\"alignleft size-full wp-image-34916\" title=\"inflacao\" src=\"https:\/\/www.redenoticia.com.br\/noticia\/imagens\/inflacao.jpg\" alt=\"\" width=\"300\" height=\"193\" srcset=\"https:\/\/www.redenoticia.com.br\/noticia\/imagens\/inflacao.jpg 300w, https:\/\/www.redenoticia.com.br\/noticia\/imagens\/inflacao-250x160.jpg 250w, https:\/\/www.redenoticia.com.br\/noticia\/imagens\/inflacao-150x96.jpg 150w\" sizes=\"auto, (max-width: 300px) 100vw, 300px\" \/>S\u00e3o Paulo &#8211; O \u00cdndice de Pre\u00e7os ao Consumidor (<em><strong>IPC<\/strong><\/em>), medido pela Funda\u00e7\u00e3o Instituto de Pesquisas Econ\u00f4micas (Fipe) na cidade de S\u00e3o Paulo, apresentou redu\u00e7\u00e3o do ritmo de alta pela sexta vez consecutiva, ao passar de 0,25% para 0,21%, na terceira pr\u00e9via de junho. Esse resultado reflete a queda m\u00e9dia de pre\u00e7os em transportes (de -0,46% para -0,62%) com destaque para o \u00e1lcool combust\u00edvel, cujo valor m\u00e9dio pago nas bombas dos postos da capital paulista caiu 1,66%.<\/p>\n<p>Tamb\u00e9m contribuiu para frear a infla\u00e7\u00e3o o grupo vestu\u00e1rio. Mas a queda em rela\u00e7\u00e3o \u00e0 medi\u00e7\u00e3o passada foi menos acentuada (de -0,35% para -0,10%). Al\u00e9m disso, houve redu\u00e7\u00e3o no ritmo de alta em habita\u00e7\u00e3o (de 0,19% para 0,05%).<\/p>\n<p>Em sentido oposto, o consumidor comprometeu mais o or\u00e7amento com a compra de alimentos. Nesse grupo, a varia\u00e7\u00e3o passou de 0,99% para 1%. Tamb\u00e9m foi maior a velocidade de corre\u00e7\u00e3o em despesas pessoais (de 0,27% para 0,34%); em sa\u00fade (de 0,38% para 0,51%) e em educa\u00e7\u00e3o (de 0,05% para 0,08%).<\/p>\n<p>Marli Moreira<br \/>\nRep\u00f3rter da Ag\u00eancia Brasil<br \/>\nEdi\u00e7\u00e3o: Juliana Andrade<\/p>\n","protected":false},"excerpt":{"rendered":"<p>S\u00e3o Paulo &#8211; O \u00cdndice de Pre\u00e7os ao Consumidor (IPC), medido pela Funda\u00e7\u00e3o Instituto de Pesquisas Econ\u00f4micas (Fipe) na cidade de S\u00e3o Paulo, apresentou redu\u00e7\u00e3o do ritmo de alta pela sexta vez consecutiva, ao passar de 0,25% para 0,21%, na terceira pr\u00e9via de junho. Esse resultado reflete a queda m\u00e9dia de pre\u00e7os em transportes (de [&hellip;]<\/p>\n","protected":false},"author":3,"featured_media":34916,"comment_status":"open","ping_status":"closed","sticky":false,"template":"","format":"standard","meta":{"_genesis_hide_title":false,"_genesis_hide_breadcrumbs":false,"_genesis_hide_singular_image":false,"_genesis_hide_footer_widgets":false,"_genesis_custom_body_class":"","_genesis_custom_post_class":"","_genesis_layout":"","_jetpack_memberships_contains_paid_content":false,"footnotes":""},"categories":[22,7],"tags":[],"class_list":{"0":"post-39557","1":"post","2":"type-post","3":"status-publish","4":"format-standard","5":"has-post-thumbnail","7":"category-brasil","8":"category-economia","9":"entry","10":"gs-1","11":"gs-odd","12":"gs-even","13":"gs-featured-content-entry"},"jetpack_featured_media_url":"https:\/\/www.redenoticia.com.br\/noticia\/imagens\/inflacao.jpg","jetpack_sharing_enabled":true,"jetpack_likes_enabled":true,"_links":{"self":[{"href":"https:\/\/www.redenoticia.com.br\/noticia\/wp-json\/wp\/v2\/posts\/39557","targetHints":{"allow":["GET"]}}],"collection":[{"href":"https:\/\/www.redenoticia.com.br\/noticia\/wp-json\/wp\/v2\/posts"}],"about":[{"href":"https:\/\/www.redenoticia.com.br\/noticia\/wp-json\/wp\/v2\/types\/post"}],"author":[{"embeddable":true,"href":"https:\/\/www.redenoticia.com.br\/noticia\/wp-json\/wp\/v2\/users\/3"}],"replies":[{"embeddable":true,"href":"https:\/\/www.redenoticia.com.br\/noticia\/wp-json\/wp\/v2\/comments?post=39557"}],"version-history":[{"count":0,"href":"https:\/\/www.redenoticia.com.br\/noticia\/wp-json\/wp\/v2\/posts\/39557\/revisions"}],"wp:featuredmedia":[{"embeddable":true,"href":"https:\/\/www.redenoticia.com.br\/noticia\/wp-json\/wp\/v2\/media\/34916"}],"wp:attachment":[{"href":"https:\/\/www.redenoticia.com.br\/noticia\/wp-json\/wp\/v2\/media?parent=39557"}],"wp:term":[{"taxonomy":"category","embeddable":true,"href":"https:\/\/www.redenoticia.com.br\/noticia\/wp-json\/wp\/v2\/categories?post=39557"},{"taxonomy":"post_tag","embeddable":true,"href":"https:\/\/www.redenoticia.com.br\/noticia\/wp-json\/wp\/v2\/tags?post=39557"}],"curies":[{"name":"wp","href":"https:\/\/api.w.org\/{rel}","templated":true}]}}