{"id":39552,"date":"2012-06-26T16:16:06","date_gmt":"2012-06-26T19:16:06","guid":{"rendered":"http:\/\/www.redenoticia.com.br\/noticia\/?p=39552"},"modified":"2012-06-26T16:16:06","modified_gmt":"2012-06-26T19:16:06","slug":"taxa-media-de-juros-recua-em-maio-mas-inadimplencia-e-recorde","status":"publish","type":"post","link":"https:\/\/www.redenoticia.com.br\/noticia\/2012\/taxa-media-de-juros-recua-em-maio-mas-inadimplencia-e-recorde\/39552","title":{"rendered":"Taxa m\u00e9dia de juros recua em maio, mas inadimpl\u00eancia \u00e9 recorde"},"content":{"rendered":"<p><img loading=\"lazy\" decoding=\"async\" class=\"alignleft size-full wp-image-38938\" title=\"economia\" src=\"https:\/\/www.redenoticia.com.br\/noticia\/imagens\/economia1.jpg\" alt=\"\" width=\"300\" height=\"193\" srcset=\"https:\/\/www.redenoticia.com.br\/noticia\/imagens\/economia1.jpg 300w, https:\/\/www.redenoticia.com.br\/noticia\/imagens\/economia1-250x160.jpg 250w, https:\/\/www.redenoticia.com.br\/noticia\/imagens\/economia1-150x96.jpg 150w\" sizes=\"auto, (max-width: 300px) 100vw, 300px\" \/>Bras\u00edlia &#8211; A taxa m\u00e9dia de juros caiu em maio, enquanto a <em><strong>inadimpl\u00eancia<\/strong><\/em> de empresas e fam\u00edlias atingiu o recorde de 6%, segundo dados do Banco Central (BC), divulgados hoje (26).<\/p>\n<p>A taxa m\u00e9dia de juros para empresas e pessoas f\u00edsicas ficou em 32,9% ao ano (ante 35,1% em abril) \u00e9 a mais baixa da s\u00e9rie hist\u00f3rica do BC, iniciada em junho de 2000.<\/p>\n<p>As fam\u00edlias pagaram taxa m\u00e9dia de juros de 38,8%, em maio, com queda de 3 pontos percentuais em rela\u00e7\u00e3o ao m\u00eas anterior. Esse tamb\u00e9m \u00e9 o menor n\u00edvel da s\u00e9rie hist\u00f3rica, iniciada em julho de 1994.<\/p>\n<p>J\u00e1 a taxa de inadimpl\u00eancia das fam\u00edlias subiu 0,2 ponto percentual, para 8%. O BC considera inadimpl\u00eancia atrasos superiores a 90 dias.<\/p>\n<p>No caso das empresas, a taxa m\u00e9dia de juros caiu 1,3 ponto percentual de abril para maio, ao ficar em 25% ao ano. As pessoas jur\u00eddicas registraram inadimpl\u00eancia de 4,1%, \u00edndice est\u00e1vel em rela\u00e7\u00e3o ao m\u00eas anterior.<\/p>\n<p>Kelly Oliveira<br \/>\nRep\u00f3rter da Ag\u00eancia Brasil<\/p>\n<p>Edi\u00e7\u00e3o: Juliana Andrade<\/p>\n","protected":false},"excerpt":{"rendered":"<p>Bras\u00edlia &#8211; A taxa m\u00e9dia de juros caiu em maio, enquanto a inadimpl\u00eancia de empresas e fam\u00edlias atingiu o recorde de 6%, segundo dados do Banco Central (BC), divulgados hoje (26). A taxa m\u00e9dia de juros para empresas e pessoas f\u00edsicas ficou em 32,9% ao ano (ante 35,1% em abril) \u00e9 a mais baixa da [&hellip;]<\/p>\n","protected":false},"author":3,"featured_media":38938,"comment_status":"open","ping_status":"closed","sticky":false,"template":"","format":"standard","meta":{"_genesis_hide_title":false,"_genesis_hide_breadcrumbs":false,"_genesis_hide_singular_image":false,"_genesis_hide_footer_widgets":false,"_genesis_custom_body_class":"","_genesis_custom_post_class":"","_genesis_layout":"","_jetpack_memberships_contains_paid_content":false,"footnotes":""},"categories":[22,7],"tags":[],"class_list":{"0":"post-39552","1":"post","2":"type-post","3":"status-publish","4":"format-standard","5":"has-post-thumbnail","7":"category-brasil","8":"category-economia","9":"entry","10":"gs-1","11":"gs-odd","12":"gs-even","13":"gs-featured-content-entry"},"jetpack_featured_media_url":"https:\/\/www.redenoticia.com.br\/noticia\/imagens\/economia1.jpg","jetpack_sharing_enabled":true,"jetpack_likes_enabled":true,"_links":{"self":[{"href":"https:\/\/www.redenoticia.com.br\/noticia\/wp-json\/wp\/v2\/posts\/39552","targetHints":{"allow":["GET"]}}],"collection":[{"href":"https:\/\/www.redenoticia.com.br\/noticia\/wp-json\/wp\/v2\/posts"}],"about":[{"href":"https:\/\/www.redenoticia.com.br\/noticia\/wp-json\/wp\/v2\/types\/post"}],"author":[{"embeddable":true,"href":"https:\/\/www.redenoticia.com.br\/noticia\/wp-json\/wp\/v2\/users\/3"}],"replies":[{"embeddable":true,"href":"https:\/\/www.redenoticia.com.br\/noticia\/wp-json\/wp\/v2\/comments?post=39552"}],"version-history":[{"count":0,"href":"https:\/\/www.redenoticia.com.br\/noticia\/wp-json\/wp\/v2\/posts\/39552\/revisions"}],"wp:featuredmedia":[{"embeddable":true,"href":"https:\/\/www.redenoticia.com.br\/noticia\/wp-json\/wp\/v2\/media\/38938"}],"wp:attachment":[{"href":"https:\/\/www.redenoticia.com.br\/noticia\/wp-json\/wp\/v2\/media?parent=39552"}],"wp:term":[{"taxonomy":"category","embeddable":true,"href":"https:\/\/www.redenoticia.com.br\/noticia\/wp-json\/wp\/v2\/categories?post=39552"},{"taxonomy":"post_tag","embeddable":true,"href":"https:\/\/www.redenoticia.com.br\/noticia\/wp-json\/wp\/v2\/tags?post=39552"}],"curies":[{"name":"wp","href":"https:\/\/api.w.org\/{rel}","templated":true}]}}