{"id":39542,"date":"2012-06-25T15:24:29","date_gmt":"2012-06-25T18:24:29","guid":{"rendered":"http:\/\/www.redenoticia.com.br\/noticia\/?p=39542"},"modified":"2012-06-25T15:24:29","modified_gmt":"2012-06-25T18:24:29","slug":"mobilidade-urbana-para-os-grandes-eventos-esportivos","status":"publish","type":"post","link":"https:\/\/www.redenoticia.com.br\/noticia\/2012\/mobilidade-urbana-para-os-grandes-eventos-esportivos\/39542","title":{"rendered":"Mobilidade urbana para os grandes eventos esportivos"},"content":{"rendered":"<p><img loading=\"lazy\" decoding=\"async\" class=\"alignleft size-full wp-image-35207\" title=\"transito estradas\" src=\"https:\/\/www.redenoticia.com.br\/noticia\/imagens\/transito-estradas.jpg\" alt=\"\" width=\"300\" height=\"193\" srcset=\"https:\/\/www.redenoticia.com.br\/noticia\/imagens\/transito-estradas.jpg 300w, https:\/\/www.redenoticia.com.br\/noticia\/imagens\/transito-estradas-250x160.jpg 250w, https:\/\/www.redenoticia.com.br\/noticia\/imagens\/transito-estradas-150x96.jpg 150w\" sizes=\"auto, (max-width: 300px) 100vw, 300px\" \/>Rio de Janeiro \u2013 Empres\u00e1rios e gestores p\u00fablicos dos setores de transporte e tecnologia da informa\u00e7\u00e3o (TI) est\u00e3o reunidos hoje (25) no 3\u00ba Semin\u00e1rio de Sistemas Inteligentes de Transportes, na capital fluminense. Eles discutem projetos e tend\u00eancias do setor ante os megaeventos que ocorrer\u00e3o no pa\u00eds at\u00e9 2016, assim como solu\u00e7\u00f5es em gest\u00e3o e tecnologia da informa\u00e7\u00e3o para <em><strong>mobilidade urbana<\/strong><\/em>.<\/p>\n<p>A abertura do evento contou com a presen\u00e7a de Isabel Sales de Melo Lins, diretora de Regula\u00e7\u00e3o e Gest\u00e3o da Secretaria Nacional de Transportes e da Mobilidade Urbana, do Minist\u00e9rio das Cidades. A engenheira apresentou os programas de mobilidade da pasta, contextualizando no \u00e2mbito dos grandes projetos, em especial aqueles ligados ao Programa de Acelera\u00e7\u00e3o de Crescimento (PAC, PAC 2 e PAC da Copa do Mundo).<\/p>\n<p>Segundo ela, \u00e9 fundamental que, durante a fase de elabora\u00e7\u00e3o de projetos, quer pelo Poder P\u00fablico, quer pela iniciativa privada, sejam observados os princ\u00edpios da Lei da Mobilidade Urbana (Lei\u00a0n\u00ba12.587\/12). \u201c\u00c9 comum acontecer, quando se faz um projeto, de ter depois de adapt\u00e1-lo e ser imposs\u00edvel [fazer as mudan\u00e7as]. Um exemplo \u00e9 a Linha Vermelha [via expressa na cidade do Rio de Janeiro] que foi pensada para o transporte particular. Se tivesse sido desenhada em conson\u00e2ncia com o transporte p\u00fablico permitiria no futuro, quem sabe at\u00e9 agora, ter faixa exclusiva, em um sistema moderno\u201d, destacou.<\/p>\n<p>O evento ocorre no Centro Empresarial Rio, em Botafogo, zona sul da capital fluminense. O semin\u00e1rio termina amanh\u00e3 (26), com debates sobre o uso de tecnologias em sistemas de transporte coletivo, corredores de \u00f4nibus e solu\u00e7\u00f5es sobre trilhos. Apoiam o evento diversas entidades patronais do setor de transportes e empresas das \u00e1reas de transportes e TI.<\/p>\n<p>Guilherme Jeronymo<br \/>\nRep\u00f3rter da Ag\u00eancia Brasil<br \/>\nEdi\u00e7\u00e3o: Juliana Andrade<\/p>\n","protected":false},"excerpt":{"rendered":"<p>Rio de Janeiro \u2013 Empres\u00e1rios e gestores p\u00fablicos dos setores de transporte e tecnologia da informa\u00e7\u00e3o (TI) est\u00e3o reunidos hoje (25) no 3\u00ba Semin\u00e1rio de Sistemas Inteligentes de Transportes, na capital fluminense. Eles discutem projetos e tend\u00eancias do setor ante os megaeventos que ocorrer\u00e3o no pa\u00eds at\u00e9 2016, assim como solu\u00e7\u00f5es em gest\u00e3o e tecnologia [&hellip;]<\/p>\n","protected":false},"author":3,"featured_media":35207,"comment_status":"open","ping_status":"closed","sticky":false,"template":"","format":"standard","meta":{"_genesis_hide_title":false,"_genesis_hide_breadcrumbs":false,"_genesis_hide_singular_image":false,"_genesis_hide_footer_widgets":false,"_genesis_custom_body_class":"","_genesis_custom_post_class":"","_genesis_layout":"","_jetpack_memberships_contains_paid_content":false,"footnotes":""},"categories":[22,7],"tags":[],"class_list":{"0":"post-39542","1":"post","2":"type-post","3":"status-publish","4":"format-standard","5":"has-post-thumbnail","7":"category-brasil","8":"category-economia","9":"entry","10":"gs-1","11":"gs-odd","12":"gs-even","13":"gs-featured-content-entry"},"jetpack_featured_media_url":"https:\/\/www.redenoticia.com.br\/noticia\/imagens\/transito-estradas.jpg","jetpack_sharing_enabled":true,"jetpack_likes_enabled":true,"_links":{"self":[{"href":"https:\/\/www.redenoticia.com.br\/noticia\/wp-json\/wp\/v2\/posts\/39542","targetHints":{"allow":["GET"]}}],"collection":[{"href":"https:\/\/www.redenoticia.com.br\/noticia\/wp-json\/wp\/v2\/posts"}],"about":[{"href":"https:\/\/www.redenoticia.com.br\/noticia\/wp-json\/wp\/v2\/types\/post"}],"author":[{"embeddable":true,"href":"https:\/\/www.redenoticia.com.br\/noticia\/wp-json\/wp\/v2\/users\/3"}],"replies":[{"embeddable":true,"href":"https:\/\/www.redenoticia.com.br\/noticia\/wp-json\/wp\/v2\/comments?post=39542"}],"version-history":[{"count":0,"href":"https:\/\/www.redenoticia.com.br\/noticia\/wp-json\/wp\/v2\/posts\/39542\/revisions"}],"wp:featuredmedia":[{"embeddable":true,"href":"https:\/\/www.redenoticia.com.br\/noticia\/wp-json\/wp\/v2\/media\/35207"}],"wp:attachment":[{"href":"https:\/\/www.redenoticia.com.br\/noticia\/wp-json\/wp\/v2\/media?parent=39542"}],"wp:term":[{"taxonomy":"category","embeddable":true,"href":"https:\/\/www.redenoticia.com.br\/noticia\/wp-json\/wp\/v2\/categories?post=39542"},{"taxonomy":"post_tag","embeddable":true,"href":"https:\/\/www.redenoticia.com.br\/noticia\/wp-json\/wp\/v2\/tags?post=39542"}],"curies":[{"name":"wp","href":"https:\/\/api.w.org\/{rel}","templated":true}]}}