{"id":39538,"date":"2012-06-25T15:13:01","date_gmt":"2012-06-25T18:13:01","guid":{"rendered":"http:\/\/www.redenoticia.com.br\/noticia\/?p=39538"},"modified":"2012-06-25T15:13:01","modified_gmt":"2012-06-25T18:13:01","slug":"projecao-focus-para-crescimento-da-economia-este-ano-volta-a-cair","status":"publish","type":"post","link":"https:\/\/www.redenoticia.com.br\/noticia\/2012\/projecao-focus-para-crescimento-da-economia-este-ano-volta-a-cair\/39538","title":{"rendered":"Proje\u00e7\u00e3o Focus para crescimento da economia este ano volta a cair"},"content":{"rendered":"<p><img loading=\"lazy\" decoding=\"async\" class=\"alignleft size-full wp-image-38938\" title=\"economia\" src=\"https:\/\/www.redenoticia.com.br\/noticia\/imagens\/economia1.jpg\" alt=\"\" width=\"300\" height=\"193\" srcset=\"https:\/\/www.redenoticia.com.br\/noticia\/imagens\/economia1.jpg 300w, https:\/\/www.redenoticia.com.br\/noticia\/imagens\/economia1-250x160.jpg 250w, https:\/\/www.redenoticia.com.br\/noticia\/imagens\/economia1-150x96.jpg 150w\" sizes=\"auto, (max-width: 300px) 100vw, 300px\" \/>Bras\u00edlia &#8211; A proje\u00e7\u00e3o de analistas do mercado financeiro para o<em><strong> crescimento da economia<\/strong><\/em> este ano caiu pela s\u00e9tima semana seguida. A estimativa para a expans\u00e3o do Produto Interno Bruto (PIB), soma de todos os bens e servi\u00e7os produzidos no pa\u00eds, passou de 2,3% para 2,18%. Para 2013, tamb\u00e9m houve ajuste na proje\u00e7\u00e3o, que passou de 4,25% para 4,2%. Essas estimativas constam do boletim Focus, pesquisa feita pelo Banco Central (BC) com institui\u00e7\u00f5es financeiras sobre os principais indicadores econ\u00f4micos.<\/p>\n<p>Com as perspectivas de menor crescimento, o governo tem tentado aquecer a economia, com redu\u00e7\u00e3o de impostos para estimular o consumo, al\u00e9m de linha de cr\u00e9dito de R$ 20 bilh\u00f5es para impulsionar os investimentos dos estados.<\/p>\n<p>Al\u00e9m disso, o Comit\u00ea de Pol\u00edtica Monet\u00e1ria (Copom) do BC tem reduzido a taxa b\u00e1sica de juros, a Selic, que encerrou 2011 em 11% ao ano e atualmente est\u00e1 em 8,5% ao ano. Analistas do mercado financeiro esperam por mais cortes na taxa, que deve ficar em 7,5% ao ano no final de 2012.<\/p>\n<p>A expectativa dos analistas para o crescimento da produ\u00e7\u00e3o industrial, neste ano, passou de 0,63% para 0,5%. Para 2013, a expectativa \u00e9 que haja recupera\u00e7\u00e3o, com crescimento de 4,2%, ante 4% previstos anteriormente.<\/p>\n<p>O boletim Focus tamb\u00e9m traz a proje\u00e7\u00e3o para a cota\u00e7\u00e3o do d\u00f3lar, que permanece em R$ 1,95, ao fim deste ano, e em R$ 1,90 para o final de 2013.<\/p>\n<p>A previs\u00e3o para o super\u00e1vit comercial (saldo positivo de exporta\u00e7\u00f5es menos importa\u00e7\u00f5es) foi mantida em US$ 20 bilh\u00f5es, em 2012, e em US$ 15 bilh\u00f5es, no pr\u00f3ximo ano.<\/p>\n<p>Para o d\u00e9ficit em transa\u00e7\u00f5es correntes (registro das transa\u00e7\u00f5es de compra e venda de mercadorias e servi\u00e7os do Brasil com o exterior), a estimativa passou de US$ 66 bilh\u00f5es para US$ 65 bilh\u00f5es, este ano, e de US$ 74,3 bilh\u00f5es para US$ 71,5 bilh\u00f5es, em 2013.<\/p>\n<p>A expectativa para o investimento estrangeiro direto (recursos que v\u00e3o para o setor produtivo do pa\u00eds) passou de US$ 55,1 bilh\u00f5es para US$ 55 bilh\u00f5es, em 2012, e de US$ 60 bilh\u00f5es para US$ 59 bilh\u00f5es, no pr\u00f3ximo ano.<\/p>\n<p>A proje\u00e7\u00e3o para a rela\u00e7\u00e3o entre a d\u00edvida l\u00edquida do setor p\u00fablico e o PIB foi mantida em 35,7%, este ano, e alterada de 34,25% para 34%, em 2013.<\/p>\n<p>Kelly Oliveira<br \/>\nRep\u00f3rter da Ag\u00eancia Brasil<\/p>\n<p>Edi\u00e7\u00e3o: Juliana Andrade<\/p>\n","protected":false},"excerpt":{"rendered":"<p>Bras\u00edlia &#8211; A proje\u00e7\u00e3o de analistas do mercado financeiro para o crescimento da economia este ano caiu pela s\u00e9tima semana seguida. A estimativa para a expans\u00e3o do Produto Interno Bruto (PIB), soma de todos os bens e servi\u00e7os produzidos no pa\u00eds, passou de 2,3% para 2,18%. Para 2013, tamb\u00e9m houve ajuste na proje\u00e7\u00e3o, que passou [&hellip;]<\/p>\n","protected":false},"author":3,"featured_media":38938,"comment_status":"open","ping_status":"closed","sticky":false,"template":"","format":"standard","meta":{"_genesis_hide_title":false,"_genesis_hide_breadcrumbs":false,"_genesis_hide_singular_image":false,"_genesis_hide_footer_widgets":false,"_genesis_custom_body_class":"","_genesis_custom_post_class":"","_genesis_layout":"","_jetpack_memberships_contains_paid_content":false,"footnotes":""},"categories":[22,7],"tags":[],"class_list":{"0":"post-39538","1":"post","2":"type-post","3":"status-publish","4":"format-standard","5":"has-post-thumbnail","7":"category-brasil","8":"category-economia","9":"entry","10":"gs-1","11":"gs-odd","12":"gs-even","13":"gs-featured-content-entry"},"jetpack_featured_media_url":"https:\/\/www.redenoticia.com.br\/noticia\/imagens\/economia1.jpg","jetpack_sharing_enabled":true,"jetpack_likes_enabled":true,"_links":{"self":[{"href":"https:\/\/www.redenoticia.com.br\/noticia\/wp-json\/wp\/v2\/posts\/39538","targetHints":{"allow":["GET"]}}],"collection":[{"href":"https:\/\/www.redenoticia.com.br\/noticia\/wp-json\/wp\/v2\/posts"}],"about":[{"href":"https:\/\/www.redenoticia.com.br\/noticia\/wp-json\/wp\/v2\/types\/post"}],"author":[{"embeddable":true,"href":"https:\/\/www.redenoticia.com.br\/noticia\/wp-json\/wp\/v2\/users\/3"}],"replies":[{"embeddable":true,"href":"https:\/\/www.redenoticia.com.br\/noticia\/wp-json\/wp\/v2\/comments?post=39538"}],"version-history":[{"count":0,"href":"https:\/\/www.redenoticia.com.br\/noticia\/wp-json\/wp\/v2\/posts\/39538\/revisions"}],"wp:featuredmedia":[{"embeddable":true,"href":"https:\/\/www.redenoticia.com.br\/noticia\/wp-json\/wp\/v2\/media\/38938"}],"wp:attachment":[{"href":"https:\/\/www.redenoticia.com.br\/noticia\/wp-json\/wp\/v2\/media?parent=39538"}],"wp:term":[{"taxonomy":"category","embeddable":true,"href":"https:\/\/www.redenoticia.com.br\/noticia\/wp-json\/wp\/v2\/categories?post=39538"},{"taxonomy":"post_tag","embeddable":true,"href":"https:\/\/www.redenoticia.com.br\/noticia\/wp-json\/wp\/v2\/tags?post=39538"}],"curies":[{"name":"wp","href":"https:\/\/api.w.org\/{rel}","templated":true}]}}