{"id":39533,"date":"2012-06-23T11:36:03","date_gmt":"2012-06-23T14:36:03","guid":{"rendered":"http:\/\/www.redenoticia.com.br\/noticia\/?p=39533"},"modified":"2012-06-24T11:38:35","modified_gmt":"2012-06-24T14:38:35","slug":"reflorestamento-amplia-alternativas-de-renda-para-o-produtor-rural","status":"publish","type":"post","link":"https:\/\/www.redenoticia.com.br\/noticia\/2012\/reflorestamento-amplia-alternativas-de-renda-para-o-produtor-rural\/39533","title":{"rendered":"Reflorestamento amplia alternativas de renda para o produtor rural"},"content":{"rendered":"<p><img loading=\"lazy\" decoding=\"async\" class=\"alignleft size-full wp-image-34905\" title=\"codigo florestal\" src=\"https:\/\/www.redenoticia.com.br\/noticia\/imagens\/codigo-florestal.jpg\" alt=\"\" width=\"300\" height=\"193\" srcset=\"https:\/\/www.redenoticia.com.br\/noticia\/imagens\/codigo-florestal.jpg 300w, https:\/\/www.redenoticia.com.br\/noticia\/imagens\/codigo-florestal-250x160.jpg 250w, https:\/\/www.redenoticia.com.br\/noticia\/imagens\/codigo-florestal-150x96.jpg 150w\" sizes=\"auto, (max-width: 300px) 100vw, 300px\" \/>Bras\u00edlia &#8211; Al\u00e9m da integra\u00e7\u00e3o entre pasto e lavoura, o produtor rural tem o <em><strong>reflorestamento<\/strong><\/em> como op\u00e7\u00e3o sustent\u00e1vel para a recupera\u00e7\u00e3o de \u00e1reas degradadas. Para o engenheiro agr\u00f4nomo Ronaldo Crescente, com a uni\u00e3o dos tr\u00eas sistemas \u2013 lavoura, pecu\u00e1ria e floresta \u2013 \u00e9 poss\u00edvel promover a recupera\u00e7\u00e3o do Cerrado com produtividade e sustentabilidade, ampliando as alternativas de renda para o produtor rural.<\/p>\n<p>\u201cS\u00e3o tr\u00eas possibilidades de receita, sendo que a agricultura d\u00e1 receita no curto prazo, a pecu\u00e1ria d\u00e1 no m\u00e9dio e a atividade florestal no longo prazo. Dessa forma, o produtor reduz riscos de clima e de mercado.\u201d<\/p>\n<p>O t\u00e9cnico do Minist\u00e9rio da Agricultura Maur\u00edcio Carvalho explica que essa t\u00e9cnica \u00e9 feita, normalmente, com o eucalipto. \u201cPlantio de eucalipto ou outra esp\u00e9cie que se ajuste bem \u00e0 realidade local dela. O eucalipto \u00e9 bom porque voc\u00ea tem um mercado comprador, voc\u00ea usa, pode vender em qualquer local, mesmo em uma cidade pequena, tem mercado para isso.\u201d<\/p>\n<p>A silvicultura \u00e9 um investimento de longo prazo, que leva at\u00e9 dez anos para render benef\u00edcios. O tempo varia de acordo com a utiliza\u00e7\u00e3o que vai ser dada \u00e0 madeira, que pode servir para a produ\u00e7\u00e3o de energia, com o carv\u00e3o, para a produ\u00e7\u00e3o de papel ou para a constru\u00e7\u00e3o civil e a industria moveleira.<\/p>\n<p>De acordo com Maur\u00edcio Carvalho, o planejamento \u00e9 feito de acordo com a capacidade do produtor e com a realidade da fazenda, para saber o que se ajusta melhor a cada situa\u00e7\u00e3o. O produtor Francisco de Assis In\u00e1cio, que tem uma fazenda perto de Goi\u00e2nia, plantou eucalipto em uma \u00e1rea degradada, seguindo um projeto do Instituto Brasileiro do Meio Ambiente e dos Recursos Naturais Renov\u00e1veis (Ibama).<\/p>\n<p>\u201cFoi feito o reflorestamento e a gente diminui um pouco a quantidade de gado, mas ainda sobra pastagem embaixo da floresta. Ent\u00e3o voc\u00ea conjuga gado e eucalipto. J\u00e1 notamos os benef\u00edcios ao meio ambiente, com a volta de lobos e seriemas \u00e0 propriedade.\u201d<\/p>\n<p>Al\u00e9m da venda da madeira, ainda \u00e9 poss\u00edvel negociar cr\u00e9ditos de carbono com a floresta de eucalipto. Para quem est\u00e1 interessado nessas alternativas sustent\u00e1veis, h\u00e1 linhas de cr\u00e9dito que podem ser acessadas, como recursos Banco Nacional de Desenvolvimento Econ\u00f4mico e Social (BNDES) e do Fundo Constitucional de Financiamento do Centro-Oeste (FCO).<\/p>\n<p>Akemi Nitahara e Beatriz Arcoverde*<br \/>\nRep\u00f3rteres da EBC<\/p>\n<p>*A s\u00e9rie Pr\u00e1ticas Sustent\u00e1veis no Cerrado \u00e9 vencedora do 1\u00ba Pr\u00eamio Pecu\u00e1ria Sustent\u00e1vel de Jornalismo, na categoria r\u00e1dio \/\/ Edi\u00e7\u00e3o: Juliana Andrade<\/p>\n","protected":false},"excerpt":{"rendered":"<p>Bras\u00edlia &#8211; Al\u00e9m da integra\u00e7\u00e3o entre pasto e lavoura, o produtor rural tem o reflorestamento como op\u00e7\u00e3o sustent\u00e1vel para a recupera\u00e7\u00e3o de \u00e1reas degradadas. Para o engenheiro agr\u00f4nomo Ronaldo Crescente, com a uni\u00e3o dos tr\u00eas sistemas \u2013 lavoura, pecu\u00e1ria e floresta \u2013 \u00e9 poss\u00edvel promover a recupera\u00e7\u00e3o do Cerrado com produtividade e sustentabilidade, ampliando as [&hellip;]<\/p>\n","protected":false},"author":3,"featured_media":34905,"comment_status":"open","ping_status":"closed","sticky":false,"template":"","format":"standard","meta":{"_genesis_hide_title":false,"_genesis_hide_breadcrumbs":false,"_genesis_hide_singular_image":false,"_genesis_hide_footer_widgets":false,"_genesis_custom_body_class":"","_genesis_custom_post_class":"","_genesis_layout":"","_jetpack_memberships_contains_paid_content":false,"footnotes":""},"categories":[22,7],"tags":[],"class_list":{"0":"post-39533","1":"post","2":"type-post","3":"status-publish","4":"format-standard","5":"has-post-thumbnail","7":"category-brasil","8":"category-economia","9":"entry","10":"gs-1","11":"gs-odd","12":"gs-even","13":"gs-featured-content-entry"},"jetpack_featured_media_url":"https:\/\/www.redenoticia.com.br\/noticia\/imagens\/codigo-florestal.jpg","jetpack_sharing_enabled":true,"jetpack_likes_enabled":true,"_links":{"self":[{"href":"https:\/\/www.redenoticia.com.br\/noticia\/wp-json\/wp\/v2\/posts\/39533","targetHints":{"allow":["GET"]}}],"collection":[{"href":"https:\/\/www.redenoticia.com.br\/noticia\/wp-json\/wp\/v2\/posts"}],"about":[{"href":"https:\/\/www.redenoticia.com.br\/noticia\/wp-json\/wp\/v2\/types\/post"}],"author":[{"embeddable":true,"href":"https:\/\/www.redenoticia.com.br\/noticia\/wp-json\/wp\/v2\/users\/3"}],"replies":[{"embeddable":true,"href":"https:\/\/www.redenoticia.com.br\/noticia\/wp-json\/wp\/v2\/comments?post=39533"}],"version-history":[{"count":0,"href":"https:\/\/www.redenoticia.com.br\/noticia\/wp-json\/wp\/v2\/posts\/39533\/revisions"}],"wp:featuredmedia":[{"embeddable":true,"href":"https:\/\/www.redenoticia.com.br\/noticia\/wp-json\/wp\/v2\/media\/34905"}],"wp:attachment":[{"href":"https:\/\/www.redenoticia.com.br\/noticia\/wp-json\/wp\/v2\/media?parent=39533"}],"wp:term":[{"taxonomy":"category","embeddable":true,"href":"https:\/\/www.redenoticia.com.br\/noticia\/wp-json\/wp\/v2\/categories?post=39533"},{"taxonomy":"post_tag","embeddable":true,"href":"https:\/\/www.redenoticia.com.br\/noticia\/wp-json\/wp\/v2\/tags?post=39533"}],"curies":[{"name":"wp","href":"https:\/\/api.w.org\/{rel}","templated":true}]}}