{"id":39511,"date":"2012-06-21T12:27:53","date_gmt":"2012-06-21T15:27:53","guid":{"rendered":"http:\/\/www.redenoticia.com.br\/noticia\/?p=39511"},"modified":"2012-06-21T12:27:53","modified_gmt":"2012-06-21T15:27:53","slug":"previa-da-inflacao-oficial-desacelera-para-018-em-junho","status":"publish","type":"post","link":"https:\/\/www.redenoticia.com.br\/noticia\/2012\/previa-da-inflacao-oficial-desacelera-para-018-em-junho\/39511","title":{"rendered":"Pr\u00e9via da infla\u00e7\u00e3o oficial desacelera para 0,18% em junho"},"content":{"rendered":"<p><img loading=\"lazy\" decoding=\"async\" class=\"alignleft size-full wp-image-38938\" title=\"economia\" src=\"https:\/\/www.redenoticia.com.br\/noticia\/imagens\/economia1.jpg\" alt=\"\" width=\"300\" height=\"193\" srcset=\"https:\/\/www.redenoticia.com.br\/noticia\/imagens\/economia1.jpg 300w, https:\/\/www.redenoticia.com.br\/noticia\/imagens\/economia1-250x160.jpg 250w, https:\/\/www.redenoticia.com.br\/noticia\/imagens\/economia1-150x96.jpg 150w\" sizes=\"auto, (max-width: 300px) 100vw, 300px\" \/>Rio de Janeiro &#8211; O \u00cdndice Nacional de Pre\u00e7os ao Consumidor Amplo \u2013 15 (<em><strong>IPCA-15<\/strong><\/em>) ficou em 0,18% em junho, bem abaixo da taxa de 0,51% registrada em maio, de acordo com os n\u00fameros divulgados hoje (21) pelo Instituto Brasileiro de Geografia e Estat\u00edstica (IBGE). Em junho do ano passado, a taxa havia ficado em 0,23%.<\/p>\n<p>Com esse resultado, a varia\u00e7\u00e3o do IPCA-E (acumulado do IPCA-15) no segundo trimestre de 2012 atingiu 1,12%, abaixo da verificada no mesmo per\u00edodo de 2011, 1,71%. O IPCA-E fecha o primeiro semestre do ano com uma taxa de 2,58%, 1,52 ponto percentual abaixo do resultado de igual per\u00edodo do ano anterior (4,10%). No acumulado dos \u00faltimos 12 meses, o \u00edndice est\u00e1 em 5%, ligeiramente abaixo dos 5,05% dos 12 meses anteriores.<\/p>\n<p>Entre os setores pesquisados, o de transportes, com defla\u00e7\u00e3o de 0,77%, foi o que mais contribuiu para a forte redu\u00e7\u00e3o do IPCA-15 em junho. Segundo o IBGE, isso \u00e9 um reflexo do Imposto Sobre Produtos Industrializados (IPI) zero para autom\u00f3veis novos, a partir de 21 de maio, e da queda de 1,51% no pre\u00e7o do etanol, como consequ\u00eancia das baixas cota\u00e7\u00f5es da cana-de-a\u00e7\u00facar e da gasolina.<\/p>\n<p>J\u00e1 a maior press\u00e3o foi exercida pelo grupo dos alimentos, com 0,66%. Entre outros produtos, ficou mais caro, no per\u00edodo da pesquisa, comprar tomate (aumento de 19,48%), cebola (16,22%) e batata (6,7%).<\/p>\n<p>Para o c\u00e1lculo do IPCA-15, os pre\u00e7os foram coletados no per\u00edodo de 15 de maio a 13 de junho, nas regi\u00f5es metropolitanas do Rio de Janeiro, de S\u00e3o Paulo, Belo Horizonte, Porto Alegre, Curitiba, Salvador, Recife, Fortaleza e Bel\u00e9m, al\u00e9m das cidades de Bras\u00edlia e Goi\u00e2nia. O indicador se refere aos gastos de fam\u00edlias com rendimento de um a 40 sal\u00e1rios m\u00ednimos.<\/p>\n<p>Paulo Virgilio<br \/>\nRep\u00f3rter da Ag\u00eancia Brasil<br \/>\nEdi\u00e7\u00e3o: Juliana Andrade<\/p>\n","protected":false},"excerpt":{"rendered":"<p>Rio de Janeiro &#8211; O \u00cdndice Nacional de Pre\u00e7os ao Consumidor Amplo \u2013 15 (IPCA-15) ficou em 0,18% em junho, bem abaixo da taxa de 0,51% registrada em maio, de acordo com os n\u00fameros divulgados hoje (21) pelo Instituto Brasileiro de Geografia e Estat\u00edstica (IBGE). Em junho do ano passado, a taxa havia ficado em [&hellip;]<\/p>\n","protected":false},"author":3,"featured_media":38938,"comment_status":"open","ping_status":"closed","sticky":false,"template":"","format":"standard","meta":{"_genesis_hide_title":false,"_genesis_hide_breadcrumbs":false,"_genesis_hide_singular_image":false,"_genesis_hide_footer_widgets":false,"_genesis_custom_body_class":"","_genesis_custom_post_class":"","_genesis_layout":"","_jetpack_memberships_contains_paid_content":false,"footnotes":""},"categories":[22,7],"tags":[],"class_list":{"0":"post-39511","1":"post","2":"type-post","3":"status-publish","4":"format-standard","5":"has-post-thumbnail","7":"category-brasil","8":"category-economia","9":"entry","10":"gs-1","11":"gs-odd","12":"gs-even","13":"gs-featured-content-entry"},"jetpack_featured_media_url":"https:\/\/www.redenoticia.com.br\/noticia\/imagens\/economia1.jpg","jetpack_sharing_enabled":true,"jetpack_likes_enabled":true,"_links":{"self":[{"href":"https:\/\/www.redenoticia.com.br\/noticia\/wp-json\/wp\/v2\/posts\/39511","targetHints":{"allow":["GET"]}}],"collection":[{"href":"https:\/\/www.redenoticia.com.br\/noticia\/wp-json\/wp\/v2\/posts"}],"about":[{"href":"https:\/\/www.redenoticia.com.br\/noticia\/wp-json\/wp\/v2\/types\/post"}],"author":[{"embeddable":true,"href":"https:\/\/www.redenoticia.com.br\/noticia\/wp-json\/wp\/v2\/users\/3"}],"replies":[{"embeddable":true,"href":"https:\/\/www.redenoticia.com.br\/noticia\/wp-json\/wp\/v2\/comments?post=39511"}],"version-history":[{"count":0,"href":"https:\/\/www.redenoticia.com.br\/noticia\/wp-json\/wp\/v2\/posts\/39511\/revisions"}],"wp:featuredmedia":[{"embeddable":true,"href":"https:\/\/www.redenoticia.com.br\/noticia\/wp-json\/wp\/v2\/media\/38938"}],"wp:attachment":[{"href":"https:\/\/www.redenoticia.com.br\/noticia\/wp-json\/wp\/v2\/media?parent=39511"}],"wp:term":[{"taxonomy":"category","embeddable":true,"href":"https:\/\/www.redenoticia.com.br\/noticia\/wp-json\/wp\/v2\/categories?post=39511"},{"taxonomy":"post_tag","embeddable":true,"href":"https:\/\/www.redenoticia.com.br\/noticia\/wp-json\/wp\/v2\/tags?post=39511"}],"curies":[{"name":"wp","href":"https:\/\/api.w.org\/{rel}","templated":true}]}}