{"id":39482,"date":"2012-06-19T16:37:12","date_gmt":"2012-06-19T19:37:12","guid":{"rendered":"http:\/\/www.redenoticia.com.br\/noticia\/?p=39482"},"modified":"2012-06-19T16:37:12","modified_gmt":"2012-06-19T19:37:12","slug":"procon-revela-que-juros-dos-bancos-ficaram-praticamente-estaveis","status":"publish","type":"post","link":"https:\/\/www.redenoticia.com.br\/noticia\/2012\/procon-revela-que-juros-dos-bancos-ficaram-praticamente-estaveis\/39482","title":{"rendered":"Procon revela que juros dos bancos ficaram praticamente est\u00e1veis"},"content":{"rendered":"<p><img loading=\"lazy\" decoding=\"async\" class=\"alignleft size-full wp-image-38938\" title=\"economia\" src=\"https:\/\/www.redenoticia.com.br\/noticia\/imagens\/economia1.jpg\" alt=\"\" width=\"300\" height=\"193\" srcset=\"https:\/\/www.redenoticia.com.br\/noticia\/imagens\/economia1.jpg 300w, https:\/\/www.redenoticia.com.br\/noticia\/imagens\/economia1-250x160.jpg 250w, https:\/\/www.redenoticia.com.br\/noticia\/imagens\/economia1-150x96.jpg 150w\" sizes=\"auto, (max-width: 300px) 100vw, 300px\" \/>Pesquisa realizada pela Funda\u00e7\u00e3o Procon-SP em 4 de maio revela que a <em><strong>taxa m\u00e9dia de juros<\/strong><\/em> cobrada pelos bancos ficou praticamente est\u00e1vel na compara\u00e7\u00e3o com o m\u00eas anterior. Banco do Brasil, Bradesco e Ita\u00fa baixaram a taxa do empr\u00e9stimo pessoal, enquanto Caixa Econ\u00f4mica Federal, HSBC e Santander mantiveram suas taxas. No caso do cheque especial, Banco do Brasil, Bradesco, Itau e Santander baixaram a taxa, enquanto os outros dois bancos pesquisados a mantiveram. O Banco Safra se recusou a informar suas taxas.<\/p>\n<p>No empr\u00e9stimo pessoal, houve aumento de 0,07 ponto percentual na taxa m\u00e9dia, passando de 5,43% para 5,5% ao m\u00eas. Com rela\u00e7\u00e3o ao cheque especial a queda foi de 0,1 ponto percentual, passando de 8,46% ao m\u00eas para 8,36%. Apesar do cen\u00e1rio aparentemente favor\u00e1vel para o consumidor final, as taxas de juros continuam altas.<\/p>\n<p>Clientes banc\u00e1rios devem ter cuidado ao realizar empr\u00e9stimos, &#8220;Caso seja absolutamente necess\u00e1rio contratar um empr\u00e9stimo, deve-se analisar as diversas alternativas de cr\u00e9dito dispon\u00edveis, priorizando a liquida\u00e7\u00e3o de suas d\u00edvidas&#8221;, avisa a a diretora de Estudos e Pesquisa da Funda\u00e7\u00e3o Procon-SP, Val\u00e9ria<\/p>\n<p>Rodrigues Garcia.<\/p>\n<p>Do Portal do Governo do Estado<\/p>\n","protected":false},"excerpt":{"rendered":"<p>Pesquisa realizada pela Funda\u00e7\u00e3o Procon-SP em 4 de maio revela que a taxa m\u00e9dia de juros cobrada pelos bancos ficou praticamente est\u00e1vel na compara\u00e7\u00e3o com o m\u00eas anterior. Banco do Brasil, Bradesco e Ita\u00fa baixaram a taxa do empr\u00e9stimo pessoal, enquanto Caixa Econ\u00f4mica Federal, HSBC e Santander mantiveram suas taxas. No caso do cheque especial, [&hellip;]<\/p>\n","protected":false},"author":3,"featured_media":38938,"comment_status":"open","ping_status":"closed","sticky":false,"template":"","format":"standard","meta":{"_genesis_hide_title":false,"_genesis_hide_breadcrumbs":false,"_genesis_hide_singular_image":false,"_genesis_hide_footer_widgets":false,"_genesis_custom_body_class":"","_genesis_custom_post_class":"","_genesis_layout":"","_jetpack_memberships_contains_paid_content":false,"footnotes":""},"categories":[22,7],"tags":[],"class_list":{"0":"post-39482","1":"post","2":"type-post","3":"status-publish","4":"format-standard","5":"has-post-thumbnail","7":"category-brasil","8":"category-economia","9":"entry","10":"gs-1","11":"gs-odd","12":"gs-even","13":"gs-featured-content-entry"},"jetpack_featured_media_url":"https:\/\/www.redenoticia.com.br\/noticia\/imagens\/economia1.jpg","jetpack_sharing_enabled":true,"jetpack_likes_enabled":true,"_links":{"self":[{"href":"https:\/\/www.redenoticia.com.br\/noticia\/wp-json\/wp\/v2\/posts\/39482","targetHints":{"allow":["GET"]}}],"collection":[{"href":"https:\/\/www.redenoticia.com.br\/noticia\/wp-json\/wp\/v2\/posts"}],"about":[{"href":"https:\/\/www.redenoticia.com.br\/noticia\/wp-json\/wp\/v2\/types\/post"}],"author":[{"embeddable":true,"href":"https:\/\/www.redenoticia.com.br\/noticia\/wp-json\/wp\/v2\/users\/3"}],"replies":[{"embeddable":true,"href":"https:\/\/www.redenoticia.com.br\/noticia\/wp-json\/wp\/v2\/comments?post=39482"}],"version-history":[{"count":0,"href":"https:\/\/www.redenoticia.com.br\/noticia\/wp-json\/wp\/v2\/posts\/39482\/revisions"}],"wp:featuredmedia":[{"embeddable":true,"href":"https:\/\/www.redenoticia.com.br\/noticia\/wp-json\/wp\/v2\/media\/38938"}],"wp:attachment":[{"href":"https:\/\/www.redenoticia.com.br\/noticia\/wp-json\/wp\/v2\/media?parent=39482"}],"wp:term":[{"taxonomy":"category","embeddable":true,"href":"https:\/\/www.redenoticia.com.br\/noticia\/wp-json\/wp\/v2\/categories?post=39482"},{"taxonomy":"post_tag","embeddable":true,"href":"https:\/\/www.redenoticia.com.br\/noticia\/wp-json\/wp\/v2\/tags?post=39482"}],"curies":[{"name":"wp","href":"https:\/\/api.w.org\/{rel}","templated":true}]}}