{"id":39446,"date":"2012-06-15T14:49:36","date_gmt":"2012-06-15T17:49:36","guid":{"rendered":"http:\/\/www.redenoticia.com.br\/noticia\/?p=39446"},"modified":"2012-06-15T14:49:36","modified_gmt":"2012-06-15T17:49:36","slug":"inadimplencia-do-consumidor-tem-terceira-alta-mensal-consecutiva","status":"publish","type":"post","link":"https:\/\/www.redenoticia.com.br\/noticia\/2012\/inadimplencia-do-consumidor-tem-terceira-alta-mensal-consecutiva\/39446","title":{"rendered":"Inadimpl\u00eancia do consumidor tem terceira alta mensal consecutiva"},"content":{"rendered":"<p><img loading=\"lazy\" decoding=\"async\" class=\"alignleft size-full wp-image-38938\" title=\"economia\" src=\"https:\/\/www.redenoticia.com.br\/noticia\/imagens\/economia1.jpg\" alt=\"\" width=\"300\" height=\"193\" srcset=\"https:\/\/www.redenoticia.com.br\/noticia\/imagens\/economia1.jpg 300w, https:\/\/www.redenoticia.com.br\/noticia\/imagens\/economia1-250x160.jpg 250w, https:\/\/www.redenoticia.com.br\/noticia\/imagens\/economia1-150x96.jpg 150w\" sizes=\"auto, (max-width: 300px) 100vw, 300px\" \/>S\u00e3o Paulo &#8211; O percentual de consumidores que n\u00e3o conseguiram quitar as d\u00edvidas em dia cresceu em maio, a terceira alta mensal consecutiva. O Indicador Serasa Experian de <em><strong>Inadimpl\u00eancia<\/strong><\/em> do Consumidor, medido pela empresa de consultoria e an\u00e1lise de cr\u00e9dito Serasa Experian, cresceu 6,2% no quinto m\u00eas do ano ante abril. Em rela\u00e7\u00e3o a maio de 2011, houve alta de 21,4% e, no acumulado do ano, de 20%.<\/p>\n<p>Na avalia\u00e7\u00e3o dos economistas da Serasa, o crescente endividamento do consumidor e as compras parceladas para o Dia das M\u00e3es justificam essa eleva\u00e7\u00e3o na inadimpl\u00eancia. Al\u00e9m disso, eles lembram, em nota, que o m\u00eas de maio teve dois dias \u00fateis a mais do que em abril.<\/p>\n<p>A inadimpl\u00eancia foi mais expressiva no que se refere aos t\u00edtulos protestados com alta de 14,8% sobre abril, e \u00e0s d\u00edvidas n\u00e3o banc\u00e1rias (cart\u00f5es de cr\u00e9dito e com financeiras, lojas em geral e prestadoras de servi\u00e7os como telefonia e fornecimento de energia el\u00e9trica e \u00e1gua), com aumento de 9%.<\/p>\n<p>No acumulado de janeiro a maio, o valor m\u00e9dio das d\u00edvidas n\u00e3o banc\u00e1rias cresceu 17,5%, passando de R$ 314,74 (nos cinco primeiros meses de 2011) para R$ 369,72. J\u00e1 o valor dos cheques devolvidos por falta de fundos aumentou em m\u00e9dia 11,9% (de R$ 1.302,49 para R$ 1.457,98). No caso dos t\u00edtulos protestados, houve alta de 9,3% (de R$ 1.279,84 para R$ 1.399,04).<\/p>\n<p>Em rela\u00e7\u00e3o \u00e0s d\u00edvidas com os bancos, que tiveram eleva\u00e7\u00e3o de 3,1% em maio ante abril, no acumulado do ano, s valore m\u00e9dio teve ligeiro aumento de 0,1% (de R$ 1.292,01 para R$ 1.293,09).<\/p>\n<p>Marli Moreira<br \/>\nRep\u00f3rter da Ag\u00eancia Brasil<br \/>\nEdi\u00e7\u00e3o: Juliana Andrade<\/p>\n","protected":false},"excerpt":{"rendered":"<p>S\u00e3o Paulo &#8211; O percentual de consumidores que n\u00e3o conseguiram quitar as d\u00edvidas em dia cresceu em maio, a terceira alta mensal consecutiva. O Indicador Serasa Experian de Inadimpl\u00eancia do Consumidor, medido pela empresa de consultoria e an\u00e1lise de cr\u00e9dito Serasa Experian, cresceu 6,2% no quinto m\u00eas do ano ante abril. Em rela\u00e7\u00e3o a maio [&hellip;]<\/p>\n","protected":false},"author":3,"featured_media":38938,"comment_status":"open","ping_status":"closed","sticky":false,"template":"","format":"standard","meta":{"_genesis_hide_title":false,"_genesis_hide_breadcrumbs":false,"_genesis_hide_singular_image":false,"_genesis_hide_footer_widgets":false,"_genesis_custom_body_class":"","_genesis_custom_post_class":"","_genesis_layout":"","_jetpack_memberships_contains_paid_content":false,"footnotes":""},"categories":[22,7],"tags":[],"class_list":{"0":"post-39446","1":"post","2":"type-post","3":"status-publish","4":"format-standard","5":"has-post-thumbnail","7":"category-brasil","8":"category-economia","9":"entry","10":"gs-1","11":"gs-odd","12":"gs-even","13":"gs-featured-content-entry"},"jetpack_featured_media_url":"https:\/\/www.redenoticia.com.br\/noticia\/imagens\/economia1.jpg","jetpack_sharing_enabled":true,"jetpack_likes_enabled":true,"_links":{"self":[{"href":"https:\/\/www.redenoticia.com.br\/noticia\/wp-json\/wp\/v2\/posts\/39446","targetHints":{"allow":["GET"]}}],"collection":[{"href":"https:\/\/www.redenoticia.com.br\/noticia\/wp-json\/wp\/v2\/posts"}],"about":[{"href":"https:\/\/www.redenoticia.com.br\/noticia\/wp-json\/wp\/v2\/types\/post"}],"author":[{"embeddable":true,"href":"https:\/\/www.redenoticia.com.br\/noticia\/wp-json\/wp\/v2\/users\/3"}],"replies":[{"embeddable":true,"href":"https:\/\/www.redenoticia.com.br\/noticia\/wp-json\/wp\/v2\/comments?post=39446"}],"version-history":[{"count":0,"href":"https:\/\/www.redenoticia.com.br\/noticia\/wp-json\/wp\/v2\/posts\/39446\/revisions"}],"wp:featuredmedia":[{"embeddable":true,"href":"https:\/\/www.redenoticia.com.br\/noticia\/wp-json\/wp\/v2\/media\/38938"}],"wp:attachment":[{"href":"https:\/\/www.redenoticia.com.br\/noticia\/wp-json\/wp\/v2\/media?parent=39446"}],"wp:term":[{"taxonomy":"category","embeddable":true,"href":"https:\/\/www.redenoticia.com.br\/noticia\/wp-json\/wp\/v2\/categories?post=39446"},{"taxonomy":"post_tag","embeddable":true,"href":"https:\/\/www.redenoticia.com.br\/noticia\/wp-json\/wp\/v2\/tags?post=39446"}],"curies":[{"name":"wp","href":"https:\/\/api.w.org\/{rel}","templated":true}]}}