{"id":39433,"date":"2012-06-14T14:08:50","date_gmt":"2012-06-14T17:08:50","guid":{"rendered":"http:\/\/www.redenoticia.com.br\/noticia\/?p=39433"},"modified":"2012-06-14T14:08:50","modified_gmt":"2012-06-14T17:08:50","slug":"mantega-nao-ha-mais-excesso-de-liquidez-no-mercado","status":"publish","type":"post","link":"https:\/\/www.redenoticia.com.br\/noticia\/2012\/mantega-nao-ha-mais-excesso-de-liquidez-no-mercado\/39433","title":{"rendered":"Mantega: n\u00e3o h\u00e1 mais excesso de liquidez no mercado"},"content":{"rendered":"<p><img loading=\"lazy\" decoding=\"async\" class=\"alignleft size-full wp-image-38938\" title=\"economia\" src=\"https:\/\/www.redenoticia.com.br\/noticia\/imagens\/economia1.jpg\" alt=\"\" width=\"300\" height=\"193\" srcset=\"https:\/\/www.redenoticia.com.br\/noticia\/imagens\/economia1.jpg 300w, https:\/\/www.redenoticia.com.br\/noticia\/imagens\/economia1-250x160.jpg 250w, https:\/\/www.redenoticia.com.br\/noticia\/imagens\/economia1-150x96.jpg 150w\" sizes=\"auto, (max-width: 300px) 100vw, 300px\" \/>Bras\u00edlia &#8211; O ministro da Fazenda, Guido Mantega, explicou que a medida que isentou do Imposto sobre Opera\u00e7\u00f5es Financeiras (IOF) empr\u00e9stimos no exterior com prazos acima de dois anos foi tomada porque n\u00e3o h\u00e1 mais excesso de <em><strong>liquidez<\/strong><\/em> (recursos) no mercado. Decreto publicado na edi\u00e7\u00e3o de hoje (14) do Di\u00e1rio Oficial da Uni\u00e3o reduziu o prazo de cobran\u00e7a do IOF de 6% para empr\u00e9stimos de cinco para dois anos.<\/p>\n<p>\u201cA medida tinha sido adotada no momento em que existia muita liquidez no mercado e estava entrando muito recurso estrangeiro por interm\u00e9dio desse mecanismo\u201d, disse Mantega.<\/p>\n<p>Segundo o ministro, os bancos brasileiros estavam tomando muito cr\u00e9dito no exterior e \u201cirrigando\u201d a economia dom\u00e9stica com o excesso de recursos. Nesse per\u00edodo, o d\u00f3lar registrou acentuada queda e o real estava sempre em alta.<\/p>\n<p>\u201cAgora, julgamos que esse excesso de liquidez terminou e n\u00f3s estamos abrindo a possibilidade para que os bancos e as empresas brasileiras voltem a tomar empr\u00e9stimos no exterior sem essa taxa de IOF\u201d, destacou.<\/p>\n<p>O ministro informou ainda que a medida ir\u00e1 reduzir o custo do cr\u00e9dito e aumentar a oferta de recursos no pa\u00eds, j\u00e1 que o prazo para isen\u00e7\u00e3o do IOF passou a ser acima de dois anos.<\/p>\n<p>\u201cFundamentalmente [\u00e9] uma medida de liquidez e aumento da disponibilidade financeira para as institui\u00e7\u00f5es e empresas brasileiras\u201d, avaliou.<\/p>\n<p>Daniel Lima<br \/>\nRep\u00f3rter da Ag\u00eancia Brasil<\/p>\n<p>Edi\u00e7\u00e3o: Juliana Andrade<\/p>\n","protected":false},"excerpt":{"rendered":"<p>Bras\u00edlia &#8211; O ministro da Fazenda, Guido Mantega, explicou que a medida que isentou do Imposto sobre Opera\u00e7\u00f5es Financeiras (IOF) empr\u00e9stimos no exterior com prazos acima de dois anos foi tomada porque n\u00e3o h\u00e1 mais excesso de liquidez (recursos) no mercado. Decreto publicado na edi\u00e7\u00e3o de hoje (14) do Di\u00e1rio Oficial da Uni\u00e3o reduziu o [&hellip;]<\/p>\n","protected":false},"author":3,"featured_media":38938,"comment_status":"open","ping_status":"closed","sticky":false,"template":"","format":"standard","meta":{"_genesis_hide_title":false,"_genesis_hide_breadcrumbs":false,"_genesis_hide_singular_image":false,"_genesis_hide_footer_widgets":false,"_genesis_custom_body_class":"","_genesis_custom_post_class":"","_genesis_layout":"","_jetpack_memberships_contains_paid_content":false,"footnotes":""},"categories":[22,7],"tags":[],"class_list":{"0":"post-39433","1":"post","2":"type-post","3":"status-publish","4":"format-standard","5":"has-post-thumbnail","7":"category-brasil","8":"category-economia","9":"entry","10":"gs-1","11":"gs-odd","12":"gs-even","13":"gs-featured-content-entry"},"jetpack_featured_media_url":"https:\/\/www.redenoticia.com.br\/noticia\/imagens\/economia1.jpg","jetpack_sharing_enabled":true,"jetpack_likes_enabled":true,"_links":{"self":[{"href":"https:\/\/www.redenoticia.com.br\/noticia\/wp-json\/wp\/v2\/posts\/39433","targetHints":{"allow":["GET"]}}],"collection":[{"href":"https:\/\/www.redenoticia.com.br\/noticia\/wp-json\/wp\/v2\/posts"}],"about":[{"href":"https:\/\/www.redenoticia.com.br\/noticia\/wp-json\/wp\/v2\/types\/post"}],"author":[{"embeddable":true,"href":"https:\/\/www.redenoticia.com.br\/noticia\/wp-json\/wp\/v2\/users\/3"}],"replies":[{"embeddable":true,"href":"https:\/\/www.redenoticia.com.br\/noticia\/wp-json\/wp\/v2\/comments?post=39433"}],"version-history":[{"count":0,"href":"https:\/\/www.redenoticia.com.br\/noticia\/wp-json\/wp\/v2\/posts\/39433\/revisions"}],"wp:featuredmedia":[{"embeddable":true,"href":"https:\/\/www.redenoticia.com.br\/noticia\/wp-json\/wp\/v2\/media\/38938"}],"wp:attachment":[{"href":"https:\/\/www.redenoticia.com.br\/noticia\/wp-json\/wp\/v2\/media?parent=39433"}],"wp:term":[{"taxonomy":"category","embeddable":true,"href":"https:\/\/www.redenoticia.com.br\/noticia\/wp-json\/wp\/v2\/categories?post=39433"},{"taxonomy":"post_tag","embeddable":true,"href":"https:\/\/www.redenoticia.com.br\/noticia\/wp-json\/wp\/v2\/tags?post=39433"}],"curies":[{"name":"wp","href":"https:\/\/api.w.org\/{rel}","templated":true}]}}