{"id":39419,"date":"2012-06-13T16:10:20","date_gmt":"2012-06-13T19:10:20","guid":{"rendered":"http:\/\/www.redenoticia.com.br\/noticia\/?p=39419"},"modified":"2012-06-13T16:10:20","modified_gmt":"2012-06-13T19:10:20","slug":"ministro-garante-que-nao-havera-reajuste-da-gasolina-em-2012","status":"publish","type":"post","link":"https:\/\/www.redenoticia.com.br\/noticia\/2012\/ministro-garante-que-nao-havera-reajuste-da-gasolina-em-2012\/39419","title":{"rendered":"Ministro garante que n\u00e3o haver\u00e1 reajuste da gasolina em 2012"},"content":{"rendered":"<p><img loading=\"lazy\" decoding=\"async\" class=\"alignleft size-full wp-image-34985\" title=\"combustivel\" src=\"https:\/\/www.redenoticia.com.br\/noticia\/imagens\/combustivel.jpg\" alt=\"\" width=\"300\" height=\"193\" srcset=\"https:\/\/www.redenoticia.com.br\/noticia\/imagens\/combustivel.jpg 300w, https:\/\/www.redenoticia.com.br\/noticia\/imagens\/combustivel-250x160.jpg 250w, https:\/\/www.redenoticia.com.br\/noticia\/imagens\/combustivel-150x96.jpg 150w\" sizes=\"auto, (max-width: 300px) 100vw, 300px\" \/>Rio de Janeiro &#8211; O ministro de Minas e Energia, Edison Lob\u00e3o, voltou a garantir que n\u00e3o haver\u00e1 <em><strong>reajuste da gasolina<\/strong><\/em> neste ano, ao inaugurar o pavilh\u00e3o da Eletrobras na Rio+20. \u201cN\u00e3o cedemos quando o pre\u00e7o do petr\u00f3leo estava elevado e n\u00e3o cederemos agora\u201d, disse o ministro, que abriu o estande de mais de mil metros quadrados no Espa\u00e7o da Energia, localizado no Parque dos Atletas, na Barra da Tijuca, zona oeste da capital fluminense.<\/p>\n<p>Lob\u00e3o comentou tamb\u00e9m a participa\u00e7\u00e3o da estatal na Rio+20. \u201cA Eletrobras est\u00e1 inovando. \u00c9 bom que seja assim, pois na medida que ela o faz, n\u00f3s estamos avan\u00e7ando em produ\u00e7\u00e3o de energia e na moderniza\u00e7\u00e3o de nossos sistemas\u201d, disse o ministro.<\/p>\n<p>O local, que \u00e9 aberto ao p\u00fablico, apresenta diversos projetos na \u00e1rea de desenvolvimento sustent\u00e1vel, al\u00e9m de uma maquete mostrando como a energia \u00e9 produzida em usinas hidrel\u00e9tricas e e\u00f3licas para depois seguir pelas linhas de transmiss\u00e3o de alta tens\u00e3o at\u00e9 as subesta\u00e7\u00f5es das distribuidoras e ent\u00e3o para o consumidor final.<\/p>\n<p>O p\u00fablico especializado tamb\u00e9m poder\u00e1 entrar em contato com pesquisas avan\u00e7adas que est\u00e3o sendo realizadas pela estatal, suas subsidi\u00e1rias e por outras empresas do setor el\u00e9trico. O Parque dos Atletas estar\u00e1 aberto at\u00e9 o dia 22 de junho com pavilh\u00f5es de v\u00e1rios pa\u00edses e de estados brasileiros, apresentado projetos e pol\u00edticas p\u00fablicas voltadas para o desenvolvimento sustent\u00e1vel.<\/p>\n<p>Fl\u00e1via Villela<br \/>\nRep\u00f3rter da Ag\u00eancia Brasil<\/p>\n<p>Edi\u00e7\u00e3o: Davi Oliveira<\/p>\n","protected":false},"excerpt":{"rendered":"<p>Rio de Janeiro &#8211; O ministro de Minas e Energia, Edison Lob\u00e3o, voltou a garantir que n\u00e3o haver\u00e1 reajuste da gasolina neste ano, ao inaugurar o pavilh\u00e3o da Eletrobras na Rio+20. \u201cN\u00e3o cedemos quando o pre\u00e7o do petr\u00f3leo estava elevado e n\u00e3o cederemos agora\u201d, disse o ministro, que abriu o estande de mais de mil [&hellip;]<\/p>\n","protected":false},"author":3,"featured_media":34985,"comment_status":"open","ping_status":"closed","sticky":false,"template":"","format":"standard","meta":{"_genesis_hide_title":false,"_genesis_hide_breadcrumbs":false,"_genesis_hide_singular_image":false,"_genesis_hide_footer_widgets":false,"_genesis_custom_body_class":"","_genesis_custom_post_class":"","_genesis_layout":"","_jetpack_memberships_contains_paid_content":false,"footnotes":""},"categories":[22,7],"tags":[],"class_list":{"0":"post-39419","1":"post","2":"type-post","3":"status-publish","4":"format-standard","5":"has-post-thumbnail","7":"category-brasil","8":"category-economia","9":"entry","10":"gs-1","11":"gs-odd","12":"gs-even","13":"gs-featured-content-entry"},"jetpack_featured_media_url":"https:\/\/www.redenoticia.com.br\/noticia\/imagens\/combustivel.jpg","jetpack_sharing_enabled":true,"jetpack_likes_enabled":true,"_links":{"self":[{"href":"https:\/\/www.redenoticia.com.br\/noticia\/wp-json\/wp\/v2\/posts\/39419","targetHints":{"allow":["GET"]}}],"collection":[{"href":"https:\/\/www.redenoticia.com.br\/noticia\/wp-json\/wp\/v2\/posts"}],"about":[{"href":"https:\/\/www.redenoticia.com.br\/noticia\/wp-json\/wp\/v2\/types\/post"}],"author":[{"embeddable":true,"href":"https:\/\/www.redenoticia.com.br\/noticia\/wp-json\/wp\/v2\/users\/3"}],"replies":[{"embeddable":true,"href":"https:\/\/www.redenoticia.com.br\/noticia\/wp-json\/wp\/v2\/comments?post=39419"}],"version-history":[{"count":0,"href":"https:\/\/www.redenoticia.com.br\/noticia\/wp-json\/wp\/v2\/posts\/39419\/revisions"}],"wp:featuredmedia":[{"embeddable":true,"href":"https:\/\/www.redenoticia.com.br\/noticia\/wp-json\/wp\/v2\/media\/34985"}],"wp:attachment":[{"href":"https:\/\/www.redenoticia.com.br\/noticia\/wp-json\/wp\/v2\/media?parent=39419"}],"wp:term":[{"taxonomy":"category","embeddable":true,"href":"https:\/\/www.redenoticia.com.br\/noticia\/wp-json\/wp\/v2\/categories?post=39419"},{"taxonomy":"post_tag","embeddable":true,"href":"https:\/\/www.redenoticia.com.br\/noticia\/wp-json\/wp\/v2\/tags?post=39419"}],"curies":[{"name":"wp","href":"https:\/\/api.w.org\/{rel}","templated":true}]}}