{"id":39416,"date":"2012-06-13T15:55:59","date_gmt":"2012-06-13T18:55:59","guid":{"rendered":"http:\/\/www.redenoticia.com.br\/noticia\/?p=39416"},"modified":"2012-06-13T15:55:59","modified_gmt":"2012-06-13T18:55:59","slug":"alimentos-pressionam-inflacao-em-sp-1306","status":"publish","type":"post","link":"https:\/\/www.redenoticia.com.br\/noticia\/2012\/alimentos-pressionam-inflacao-em-sp-1306\/39416","title":{"rendered":"Alimentos pressionam infla\u00e7\u00e3o em SP (13\/06)"},"content":{"rendered":"<p><img loading=\"lazy\" decoding=\"async\" class=\"alignleft size-full wp-image-34916\" title=\"inflacao\" src=\"https:\/\/www.redenoticia.com.br\/noticia\/imagens\/inflacao.jpg\" alt=\"\" width=\"300\" height=\"193\" srcset=\"https:\/\/www.redenoticia.com.br\/noticia\/imagens\/inflacao.jpg 300w, https:\/\/www.redenoticia.com.br\/noticia\/imagens\/inflacao-250x160.jpg 250w, https:\/\/www.redenoticia.com.br\/noticia\/imagens\/inflacao-150x96.jpg 150w\" sizes=\"auto, (max-width: 300px) 100vw, 300px\" \/>S\u00e3o Paulo &#8211; O \u00cdndice de Pre\u00e7os ao Consumidor (<em><strong>IPC<\/strong><\/em>), medido pela Funda\u00e7\u00e3o Instituto de Pesquisas Econ\u00f4micas (Fipe), na cidade de S\u00e3o Paulo, atingiu 0,28% na primeira pr\u00e9via de junho, o que representa uma queda de 0,07 ponto percentual em rela\u00e7\u00e3o ao fechamento de maio (0,35%). \u00c9 a quarta vez seguida que ocorre uma redu\u00e7\u00e3o no ritmo de aumento de pre\u00e7os na m\u00e9dia dos sete grupos pesquisados.<\/p>\n<p>No entanto, os dados mostram que as fam\u00edlias residentes na capital paulista est\u00e3o comprometendo mais o or\u00e7amento com a compra de alimentos. A taxa do grupo alimenta\u00e7\u00e3o subiu de 0,74% para 0,95%. Mas o impacto dessa eleva\u00e7\u00e3o sobre o resultado do IPC foi minimizado pela redu\u00e7\u00e3o nos grupos transportes (de -0,01% para -0,19%) e vestu\u00e1rio (de -0,12% para -0,41%).<\/p>\n<p>A segunda maior contribui\u00e7\u00e3o inflacion\u00e1ria ocorreu no grupo sa\u00fade, com varia\u00e7\u00e3o de 0,56% ante 0,76%. Em habita\u00e7\u00e3o, a taxa passou de 0,09% para 0,13%. No grupo despesas pessoais, o IPC ficou em 0,23%, \u00edndice bem inferior ao registrado na \u00faltima pesquisa (0,81%). Em educa\u00e7\u00e3o, a taxa atingiu 0,08% ante 0,05%.<\/p>\n<p>Marli Moreira<br \/>\nRep\u00f3rter da Ag\u00eancia Brasil<\/p>\n<p>Edi\u00e7\u00e3o: Juliana Andrade<\/p>\n","protected":false},"excerpt":{"rendered":"<p>S\u00e3o Paulo &#8211; O \u00cdndice de Pre\u00e7os ao Consumidor (IPC), medido pela Funda\u00e7\u00e3o Instituto de Pesquisas Econ\u00f4micas (Fipe), na cidade de S\u00e3o Paulo, atingiu 0,28% na primeira pr\u00e9via de junho, o que representa uma queda de 0,07 ponto percentual em rela\u00e7\u00e3o ao fechamento de maio (0,35%). \u00c9 a quarta vez seguida que ocorre uma redu\u00e7\u00e3o [&hellip;]<\/p>\n","protected":false},"author":3,"featured_media":34916,"comment_status":"open","ping_status":"closed","sticky":false,"template":"","format":"standard","meta":{"_genesis_hide_title":false,"_genesis_hide_breadcrumbs":false,"_genesis_hide_singular_image":false,"_genesis_hide_footer_widgets":false,"_genesis_custom_body_class":"","_genesis_custom_post_class":"","_genesis_layout":"","_jetpack_memberships_contains_paid_content":false,"footnotes":""},"categories":[22,7],"tags":[],"class_list":{"0":"post-39416","1":"post","2":"type-post","3":"status-publish","4":"format-standard","5":"has-post-thumbnail","7":"category-brasil","8":"category-economia","9":"entry","10":"gs-1","11":"gs-odd","12":"gs-even","13":"gs-featured-content-entry"},"jetpack_featured_media_url":"https:\/\/www.redenoticia.com.br\/noticia\/imagens\/inflacao.jpg","jetpack_sharing_enabled":true,"jetpack_likes_enabled":true,"_links":{"self":[{"href":"https:\/\/www.redenoticia.com.br\/noticia\/wp-json\/wp\/v2\/posts\/39416","targetHints":{"allow":["GET"]}}],"collection":[{"href":"https:\/\/www.redenoticia.com.br\/noticia\/wp-json\/wp\/v2\/posts"}],"about":[{"href":"https:\/\/www.redenoticia.com.br\/noticia\/wp-json\/wp\/v2\/types\/post"}],"author":[{"embeddable":true,"href":"https:\/\/www.redenoticia.com.br\/noticia\/wp-json\/wp\/v2\/users\/3"}],"replies":[{"embeddable":true,"href":"https:\/\/www.redenoticia.com.br\/noticia\/wp-json\/wp\/v2\/comments?post=39416"}],"version-history":[{"count":0,"href":"https:\/\/www.redenoticia.com.br\/noticia\/wp-json\/wp\/v2\/posts\/39416\/revisions"}],"wp:featuredmedia":[{"embeddable":true,"href":"https:\/\/www.redenoticia.com.br\/noticia\/wp-json\/wp\/v2\/media\/34916"}],"wp:attachment":[{"href":"https:\/\/www.redenoticia.com.br\/noticia\/wp-json\/wp\/v2\/media?parent=39416"}],"wp:term":[{"taxonomy":"category","embeddable":true,"href":"https:\/\/www.redenoticia.com.br\/noticia\/wp-json\/wp\/v2\/categories?post=39416"},{"taxonomy":"post_tag","embeddable":true,"href":"https:\/\/www.redenoticia.com.br\/noticia\/wp-json\/wp\/v2\/tags?post=39416"}],"curies":[{"name":"wp","href":"https:\/\/api.w.org\/{rel}","templated":true}]}}