{"id":39397,"date":"2012-06-11T18:20:38","date_gmt":"2012-06-11T21:20:38","guid":{"rendered":"http:\/\/www.redenoticia.com.br\/noticia\/?p=39397"},"modified":"2012-06-11T18:20:38","modified_gmt":"2012-06-11T21:20:38","slug":"balanca-comercial-registra-deficit-de-us-325-milhoes","status":"publish","type":"post","link":"https:\/\/www.redenoticia.com.br\/noticia\/2012\/balanca-comercial-registra-deficit-de-us-325-milhoes\/39397","title":{"rendered":"Balan\u00e7a comercial registra d\u00e9ficit de US$ 325 milh\u00f5es"},"content":{"rendered":"<p><img loading=\"lazy\" decoding=\"async\" class=\"alignleft size-full wp-image-38938\" title=\"economia\" src=\"https:\/\/www.redenoticia.com.br\/noticia\/imagens\/economia1.jpg\" alt=\"\" width=\"300\" height=\"193\" srcset=\"https:\/\/www.redenoticia.com.br\/noticia\/imagens\/economia1.jpg 300w, https:\/\/www.redenoticia.com.br\/noticia\/imagens\/economia1-250x160.jpg 250w, https:\/\/www.redenoticia.com.br\/noticia\/imagens\/economia1-150x96.jpg 150w\" sizes=\"auto, (max-width: 300px) 100vw, 300px\" \/>Bras\u00edlia \u2013 As exporta\u00e7\u00f5es comerciais brasileiras somaram US$ 5,011 bilh\u00f5es nos cinco primeiros dias \u00fateis de junho, com retra\u00e7\u00e3o de 5% em rela\u00e7\u00e3o ao mesmo per\u00edodo do m\u00eas passado, e as importa\u00e7\u00f5es cresceram 15,9% \u2013 tendo alcan\u00e7ado US$ 5,336 bilh\u00f5es. Com isso, o <em><strong>saldo comercial<\/strong><\/em> ficou negativo em US$ 325 milh\u00f5es.<\/p>\n<p>Os n\u00fameros foram divulgados hoje (11) pelo Minist\u00e9rio do Desenvolvimento, Ind\u00fastria e Com\u00e9rcio Exterior e mostram que o saldo comercial \u00e9 superavit\u00e1rio em US$ 5,941 bilh\u00f5es no acumulado do ano \u2013 42,8% menor que os US$ 10,488 bilh\u00f5es contabilizados em igual per\u00edodo do ano passado. De janeiro at\u00e9 agora, as exporta\u00e7\u00f5es somam US$ 102,872 bilh\u00f5es e as importa\u00e7\u00f5es, US$ 96,931 bilh\u00f5es.<\/p>\n<p>Na compara\u00e7\u00e3o com os cinco primeiros dias \u00fateis de junho de 2011, houve retra\u00e7\u00f5es de 9,1% nas vendas de produtos b\u00e1sicos (petr\u00f3leo, farelo de soja, milho em gr\u00e3o, caf\u00e9 em gr\u00e3o, carnes e outros) e de 2,8% nas vendas de produtos manufaturados (autom\u00f3veis, ve\u00edculos de carga, a\u00e7\u00facar refinado, suco de laranja, etanol etc). O d\u00e9ficit s\u00f3 n\u00e3o foi maior porque as exporta\u00e7\u00f5es de semimanufaturados (ligas de ferro e a\u00e7o, ouro trabalhado, a\u00e7\u00facar em bruto e \u00f3leo de soja) cresceram 10,5%.<\/p>\n<p>Considerando a m\u00e9dia di\u00e1ria obtida nas exporta\u00e7\u00f5es de junho de 2011, as exporta\u00e7\u00f5es neste m\u00eas ca\u00edram 11,2% enquanto as importa\u00e7\u00f5es aumentaram 16,4%. O pa\u00eds importou mais combust\u00edveis e lubrificantes (87,2%), aeronaves e partes (36,6%), sider\u00fargicos (11,2%), equipamentos mec\u00e2nicos (6,5%) e pl\u00e1sticos e obras (5,3%).<\/p>\n<p>St\u00eanio Ribeiro<br \/>\nRep\u00f3rter da Ag\u00eancia Brasil<\/p>\n<p>Edi\u00e7\u00e3o: Lana Cristina<\/p>\n","protected":false},"excerpt":{"rendered":"<p>Bras\u00edlia \u2013 As exporta\u00e7\u00f5es comerciais brasileiras somaram US$ 5,011 bilh\u00f5es nos cinco primeiros dias \u00fateis de junho, com retra\u00e7\u00e3o de 5% em rela\u00e7\u00e3o ao mesmo per\u00edodo do m\u00eas passado, e as importa\u00e7\u00f5es cresceram 15,9% \u2013 tendo alcan\u00e7ado US$ 5,336 bilh\u00f5es. Com isso, o saldo comercial ficou negativo em US$ 325 milh\u00f5es. Os n\u00fameros foram divulgados [&hellip;]<\/p>\n","protected":false},"author":3,"featured_media":38938,"comment_status":"open","ping_status":"closed","sticky":false,"template":"","format":"standard","meta":{"_genesis_hide_title":false,"_genesis_hide_breadcrumbs":false,"_genesis_hide_singular_image":false,"_genesis_hide_footer_widgets":false,"_genesis_custom_body_class":"","_genesis_custom_post_class":"","_genesis_layout":"","_jetpack_memberships_contains_paid_content":false,"footnotes":""},"categories":[22,7],"tags":[],"class_list":{"0":"post-39397","1":"post","2":"type-post","3":"status-publish","4":"format-standard","5":"has-post-thumbnail","7":"category-brasil","8":"category-economia","9":"entry","10":"gs-1","11":"gs-odd","12":"gs-even","13":"gs-featured-content-entry"},"jetpack_featured_media_url":"https:\/\/www.redenoticia.com.br\/noticia\/imagens\/economia1.jpg","jetpack_sharing_enabled":true,"jetpack_likes_enabled":true,"_links":{"self":[{"href":"https:\/\/www.redenoticia.com.br\/noticia\/wp-json\/wp\/v2\/posts\/39397","targetHints":{"allow":["GET"]}}],"collection":[{"href":"https:\/\/www.redenoticia.com.br\/noticia\/wp-json\/wp\/v2\/posts"}],"about":[{"href":"https:\/\/www.redenoticia.com.br\/noticia\/wp-json\/wp\/v2\/types\/post"}],"author":[{"embeddable":true,"href":"https:\/\/www.redenoticia.com.br\/noticia\/wp-json\/wp\/v2\/users\/3"}],"replies":[{"embeddable":true,"href":"https:\/\/www.redenoticia.com.br\/noticia\/wp-json\/wp\/v2\/comments?post=39397"}],"version-history":[{"count":0,"href":"https:\/\/www.redenoticia.com.br\/noticia\/wp-json\/wp\/v2\/posts\/39397\/revisions"}],"wp:featuredmedia":[{"embeddable":true,"href":"https:\/\/www.redenoticia.com.br\/noticia\/wp-json\/wp\/v2\/media\/38938"}],"wp:attachment":[{"href":"https:\/\/www.redenoticia.com.br\/noticia\/wp-json\/wp\/v2\/media?parent=39397"}],"wp:term":[{"taxonomy":"category","embeddable":true,"href":"https:\/\/www.redenoticia.com.br\/noticia\/wp-json\/wp\/v2\/categories?post=39397"},{"taxonomy":"post_tag","embeddable":true,"href":"https:\/\/www.redenoticia.com.br\/noticia\/wp-json\/wp\/v2\/tags?post=39397"}],"curies":[{"name":"wp","href":"https:\/\/api.w.org\/{rel}","templated":true}]}}