{"id":39375,"date":"2012-06-08T16:23:54","date_gmt":"2012-06-08T19:23:54","guid":{"rendered":"http:\/\/www.redenoticia.com.br\/noticia\/?p=39375"},"modified":"2012-06-08T16:23:54","modified_gmt":"2012-06-08T19:23:54","slug":"prazo-para-saque-de-abono-ou-rendimentos-do-pis","status":"publish","type":"post","link":"https:\/\/www.redenoticia.com.br\/noticia\/2012\/prazo-para-saque-de-abono-ou-rendimentos-do-pis\/39375","title":{"rendered":"Prazo para saque de abono ou rendimentos do PIS"},"content":{"rendered":"<p><img loading=\"lazy\" decoding=\"async\" class=\"alignleft size-full wp-image-34928\" title=\"caixa\" src=\"https:\/\/www.redenoticia.com.br\/noticia\/imagens\/caixa.jpg\" alt=\"\" width=\"300\" height=\"193\" srcset=\"https:\/\/www.redenoticia.com.br\/noticia\/imagens\/caixa.jpg 300w, https:\/\/www.redenoticia.com.br\/noticia\/imagens\/caixa-250x160.jpg 250w, https:\/\/www.redenoticia.com.br\/noticia\/imagens\/caixa-150x96.jpg 150w\" sizes=\"auto, (max-width: 300px) 100vw, 300px\" \/>A <em><strong>Caixa<\/strong><\/em> Econ\u00f4mica Federal j\u00e1 pagou R$ 9,6 bilh\u00f5es em benef\u00edcios do <em><strong>PIS<\/strong><\/em> (Programa de Integra\u00e7\u00e3o Social) a mais de 29 milh\u00f5es de trabalhadores. O prazo para saque, tanto do abono salarial quanto dos rendimentos e quotas do PIS, referentes ao calend\u00e1rio 2011, se encerra no pr\u00f3ximo dia 29 de junho.<\/p>\n<p>Desde o in\u00edcio do calend\u00e1rio, em agosto do ano passado, o abono salarial foi retirado por 16,7 milh\u00f5es de trabalhadores, o que corresponde a 95% destes benef\u00edcios identificados para o per\u00edodo. 870 mil abonos salariais n\u00e3o foram retirados e, caso o trabalhador perca o prazo, o recurso \u00e9 devolvido ao FAT (Fundo de Amparo ao Trabalhador).<\/p>\n<p>J\u00e1 os rendimentos do PIS foram sacados por 13,1 milh\u00f5es de trabalhadores, valor que corresponde a 47,4% dos benef\u00edcios identificados. Os valores de rendimentos n\u00e3o retirados s\u00e3o automaticamente incorporados ao saldo de quotas, que podem ser sacadas nos casos previstos em lei.<\/p>\n<p>Os trabalhadores que j\u00e1 sacaram o abono salarial em 2011 far\u00e3o jus a novo benef\u00edcio a partir de agosto de 2012, desde que continuem atendendo aos requisitos do Programa.<\/p>\n<p>Quem tem direito:<br \/>\nAbono Salarial \u2013 Trabalhadores cadastrados no PIS\/PASEP, at\u00e9 2006, que tenham trabalhado por pelo menos 30 dias, consecutivos ou n\u00e3o, no ano de 2010, com carteira assinada por empresa e que receberam, em m\u00e9dia, at\u00e9 dois sal\u00e1rios m\u00ednimos mensais. O valor do abono salarial atual \u00e9 de at\u00e9 R$ 622,00.<\/p>\n<p>Rendimentos do PIS \u2013 Tem direito ao saque, o trabalhador que foi cadastrado no PIS\/PASEP at\u00e9 04\/10\/1988 e que tenha saldo de Quotas do PIS. O pagamento segue o mesmo calend\u00e1rio do Abono Salarial.<\/p>\n<p>Quotas do PIS \u2013 \u00c9 permitido o saque do saldo de quotas do PIS pelos motivos previstos em lei: aposentadoria, invalidez permanente, reforma militar, transfer\u00eancia para a reserva remunerada, AIDS ou c\u00e2ncer do titular ou de seus dependentes, morte do titular, benef\u00edcio assistencial \u00e0 pessoa com defici\u00eancia e ao idoso e participante com idade igual ou superior a 70 anos, a qualquer tempo, em uma ag\u00eancia da CAIXA.<\/p>\n<p>Como sacar:<br \/>\nOs benefici\u00e1rios que ainda n\u00e3o sacaram o benef\u00edcio podem consultar e esclarecer d\u00favidas pelo telefone 0800 726 0101 ou no pelo site da CAIXA, op\u00e7\u00f5es: \u201cVoc\u00ea \u2013 Servi\u00e7os Sociais &#8211; PIS \u2013 Consulta o Pagamento\u201d. Tamb\u00e9m \u00e9 poss\u00edvel receber informa\u00e7\u00f5es sobre o benef\u00edcio via celular. O cadastramento tamb\u00e9m \u00e9 feito pelo site, op\u00e7\u00f5es: \u201cVoc\u00ea \u2013 Produtos e Servi\u00e7os \u2013 CAIXA Celular\u201d.<\/p>\n<p>Os trabalhadores podem retirar o abono salarial com o Cart\u00e3o do Cidad\u00e3o e a senha, nos terminais de autoatendimento, casas lot\u00e9ricas e correspondentes CAIXA Aqui, inclusive em finais de semana. Quem n\u00e3o tem o Cart\u00e3o, deve procurar uma ag\u00eancia da CAIXA, levando documento de identidade e comprovante de inscri\u00e7\u00e3o no PIS.<\/p>\n","protected":false},"excerpt":{"rendered":"<p>A Caixa Econ\u00f4mica Federal j\u00e1 pagou R$ 9,6 bilh\u00f5es em benef\u00edcios do PIS (Programa de Integra\u00e7\u00e3o Social) a mais de 29 milh\u00f5es de trabalhadores. O prazo para saque, tanto do abono salarial quanto dos rendimentos e quotas do PIS, referentes ao calend\u00e1rio 2011, se encerra no pr\u00f3ximo dia 29 de junho. Desde o in\u00edcio do [&hellip;]<\/p>\n","protected":false},"author":3,"featured_media":34928,"comment_status":"open","ping_status":"closed","sticky":false,"template":"","format":"standard","meta":{"_genesis_hide_title":false,"_genesis_hide_breadcrumbs":false,"_genesis_hide_singular_image":false,"_genesis_hide_footer_widgets":false,"_genesis_custom_body_class":"","_genesis_custom_post_class":"","_genesis_layout":"","_jetpack_memberships_contains_paid_content":false,"footnotes":""},"categories":[22,7],"tags":[],"class_list":{"0":"post-39375","1":"post","2":"type-post","3":"status-publish","4":"format-standard","5":"has-post-thumbnail","7":"category-brasil","8":"category-economia","9":"entry","10":"gs-1","11":"gs-odd","12":"gs-even","13":"gs-featured-content-entry"},"jetpack_featured_media_url":"https:\/\/www.redenoticia.com.br\/noticia\/imagens\/caixa.jpg","jetpack_sharing_enabled":true,"jetpack_likes_enabled":true,"_links":{"self":[{"href":"https:\/\/www.redenoticia.com.br\/noticia\/wp-json\/wp\/v2\/posts\/39375","targetHints":{"allow":["GET"]}}],"collection":[{"href":"https:\/\/www.redenoticia.com.br\/noticia\/wp-json\/wp\/v2\/posts"}],"about":[{"href":"https:\/\/www.redenoticia.com.br\/noticia\/wp-json\/wp\/v2\/types\/post"}],"author":[{"embeddable":true,"href":"https:\/\/www.redenoticia.com.br\/noticia\/wp-json\/wp\/v2\/users\/3"}],"replies":[{"embeddable":true,"href":"https:\/\/www.redenoticia.com.br\/noticia\/wp-json\/wp\/v2\/comments?post=39375"}],"version-history":[{"count":0,"href":"https:\/\/www.redenoticia.com.br\/noticia\/wp-json\/wp\/v2\/posts\/39375\/revisions"}],"wp:featuredmedia":[{"embeddable":true,"href":"https:\/\/www.redenoticia.com.br\/noticia\/wp-json\/wp\/v2\/media\/34928"}],"wp:attachment":[{"href":"https:\/\/www.redenoticia.com.br\/noticia\/wp-json\/wp\/v2\/media?parent=39375"}],"wp:term":[{"taxonomy":"category","embeddable":true,"href":"https:\/\/www.redenoticia.com.br\/noticia\/wp-json\/wp\/v2\/categories?post=39375"},{"taxonomy":"post_tag","embeddable":true,"href":"https:\/\/www.redenoticia.com.br\/noticia\/wp-json\/wp\/v2\/tags?post=39375"}],"curies":[{"name":"wp","href":"https:\/\/api.w.org\/{rel}","templated":true}]}}