{"id":39373,"date":"2012-06-08T16:18:25","date_gmt":"2012-06-08T19:18:25","guid":{"rendered":"http:\/\/www.redenoticia.com.br\/noticia\/?p=39373"},"modified":"2012-06-08T16:18:25","modified_gmt":"2012-06-08T19:18:25","slug":"justificativas-para-reducao-da-taxa-basica-de-juros","status":"publish","type":"post","link":"https:\/\/www.redenoticia.com.br\/noticia\/2012\/justificativas-para-reducao-da-taxa-basica-de-juros\/39373","title":{"rendered":"Justificativas para redu\u00e7\u00e3o da taxa b\u00e1sica de juros"},"content":{"rendered":"<p><img loading=\"lazy\" decoding=\"async\" class=\"alignleft size-full wp-image-38938\" title=\"economia\" src=\"https:\/\/www.redenoticia.com.br\/noticia\/imagens\/economia1.jpg\" alt=\"\" width=\"300\" height=\"193\" srcset=\"https:\/\/www.redenoticia.com.br\/noticia\/imagens\/economia1.jpg 300w, https:\/\/www.redenoticia.com.br\/noticia\/imagens\/economia1-250x160.jpg 250w, https:\/\/www.redenoticia.com.br\/noticia\/imagens\/economia1-150x96.jpg 150w\" sizes=\"auto, (max-width: 300px) 100vw, 300px\" \/>Bras\u00edlia &#8211; A desacelera\u00e7\u00e3o da economia brasileira no segundo semestre de 2011 \u2013 motivada por uma s\u00e9rie de medidas adotadas no per\u00edodo pelo governo para evitar o aumento da infla\u00e7\u00e3o \u2013 foi maior do que a esperada. Al\u00e9m disso, apesar de a infla\u00e7\u00e3o de servi\u00e7os ainda seguir em n\u00edveis elevados, o conjunto de informa\u00e7\u00f5es analisadas pelo Banco Central (BC) sugere tend\u00eancia declinante da infla\u00e7\u00e3o acumulada em 12 meses, em dire\u00e7\u00e3o \u00e0 meta de infla\u00e7\u00e3o, que em 2012 tem como centro 4,5%, com margem de 2 pontos percentuais para cima ou para baixo.<\/p>\n<p>Esses fatores, de acordo com a ata da \u00faltima reuni\u00e3o do Comit\u00ea de Pol\u00edtica Monet\u00e1ria (Copom) do BC, est\u00e3o entre as justificativas da redu\u00e7\u00e3o da taxa b\u00e1sica de juros, a Selic, para 8,5% ao ano, o n\u00edvel mais baixo j\u00e1 registrado desde que a atual pol\u00edtica monet\u00e1ria foi adotada, no in\u00edcio de 1999. A taxa b\u00e1sica de juros \u00e9 respons\u00e1vel por remunerar os t\u00edtulos p\u00fablicos depositados no Sistema Especial de Liquida\u00e7\u00e3o e de Cust\u00f3dia (Selic).<\/p>\n<p>O Copom manteve a proje\u00e7\u00e3o de que n\u00e3o haver\u00e1 reajuste nos pre\u00e7os da gasolina e do g\u00e1s de botij\u00e3o no acumulado de 2012. No caso das tarifas de telefonia fixa e de eletricidade, foram mantidas as estimativas de reajuste de 1,5% e de 1,3%, respectivamente. Essas proje\u00e7\u00f5es tamb\u00e9m levaram a autoridade monet\u00e1ria a considerar o cen\u00e1rio favor\u00e1vel para a redu\u00e7\u00e3o da Selic.<\/p>\n<p>Segundo o comit\u00ea, o processo de redu\u00e7\u00e3o dos juros foi favorecido, tamb\u00e9m, pelas mudan\u00e7as na estrutura dos mercados financeiros e de capitais, pelo aprofundamento do mercado de cr\u00e9dito, bem como pela gera\u00e7\u00e3o de super\u00e1vits prim\u00e1rios consistentes com a manuten\u00e7\u00e3o de tend\u00eancia decrescente para a rela\u00e7\u00e3o entre a d\u00edvida p\u00fablica e o Produto Interno Bruto (PIB). Esses fatores, diz a ata, \u201ccontribuem para que a economia brasileira hoje apresente s\u00f3lidos indicadores de solv\u00eancia e de liquidez\u201d.<\/p>\n<p>De acordo com a ata, o cen\u00e1rio de refer\u00eancia leva em conta as hip\u00f3teses de manuten\u00e7\u00e3o da taxa de c\u00e2mbio do d\u00f3lar em R$ 2,05 e da taxa Selic em 9% ao ano. Nesse cen\u00e1rio, avalia o Copom, a proje\u00e7\u00e3o para a infla\u00e7\u00e3o de 2012 diminuiu em rela\u00e7\u00e3o ao percentual considerado na reuni\u00e3o de abril, e se encontra em torno do valor central de 4,5% para a meta fixada.<\/p>\n<p>No cen\u00e1rio de mercado, a proje\u00e7\u00e3o de infla\u00e7\u00e3o para 2012 tamb\u00e9m diminuiu e se encontra em torno do valor central da meta. O \u00cdndice Nacional de Pre\u00e7os ao Consumidor Amplo (IPCA), que mede a infla\u00e7\u00e3o oficial do pa\u00eds, ficou em 0,64% em abril, ante 0,21% em mar\u00e7o e 0,45% em fevereiro. Em 12 meses, a infla\u00e7\u00e3o acumulada chega a 5,1% em abril, resultado inferior aos 5,24% registrados em mar\u00e7o.<\/p>\n<p>O Copom avalia que a demanda dom\u00e9stica tende a melhorar, especialmente o consumo das fam\u00edlias, em grande parte devido aos efeitos de fatores de est\u00edmulo, como o crescimento da renda e a expans\u00e3o moderada do cr\u00e9dito.<\/p>\n<p>Esse ambiente, diz a ata, tende a prevalecer neste e nos pr\u00f3ximos semestres, quando a demanda dom\u00e9stica ser\u00e1 impactada pelos efeitos das a\u00e7\u00f5es de pol\u00edtica recentemente implementadas. O comit\u00ea, no entanto, pondera que iniciativas recentes refor\u00e7am um cen\u00e1rio de conten\u00e7\u00e3o das despesas do setor p\u00fablico. Em rela\u00e7\u00e3o ao mercado de trabalho, o Copom avalia que, de acordo com os dados analisados, \u201cembora o mercado de trabalho continue robusto, h\u00e1 sinais de modera\u00e7\u00e3o na margem\u201d.<\/p>\n<p>O cen\u00e1rio internacional tamb\u00e9m tem contribu\u00eddo para o controle dos pre\u00e7os no Brasil. Segundo o Copom, at\u00e9 o momento a fragilidade da economia global tem apresentado uma contribui\u00e7\u00e3o \u201cdesinflacion\u00e1ria\u201d para o pa\u00eds.<\/p>\n<p>\u201cEventos recentes indicam posterga\u00e7\u00e3o de uma solu\u00e7\u00e3o definitiva para a crise financeira europeia, e que continuam elevados os riscos associados ao processo de desalavancagem \u2013 de bancos, de fam\u00edlias e de governos \u2013 ora em curso nos principais blocos econ\u00f4micos. Esses e outros elementos, portanto, comp\u00f5em um ambiente econ\u00f4mico em que prevalece n\u00edvel de incerteza muito acima do usual. Para o comit\u00ea, o cen\u00e1rio prospectivo para a infla\u00e7\u00e3o, desde sua \u00faltima reuni\u00e3o, manteve sinais favor\u00e1veis\u201d, diz a ata.<\/p>\n<p>Pedro Peduzzi<br \/>\nRep\u00f3rter da Ag\u00eancia Brasil<br \/>\nEdi\u00e7\u00e3o: Juliana Andrade<\/p>\n","protected":false},"excerpt":{"rendered":"<p>Bras\u00edlia &#8211; A desacelera\u00e7\u00e3o da economia brasileira no segundo semestre de 2011 \u2013 motivada por uma s\u00e9rie de medidas adotadas no per\u00edodo pelo governo para evitar o aumento da infla\u00e7\u00e3o \u2013 foi maior do que a esperada. Al\u00e9m disso, apesar de a infla\u00e7\u00e3o de servi\u00e7os ainda seguir em n\u00edveis elevados, o conjunto de informa\u00e7\u00f5es analisadas [&hellip;]<\/p>\n","protected":false},"author":3,"featured_media":38938,"comment_status":"open","ping_status":"closed","sticky":false,"template":"","format":"standard","meta":{"_genesis_hide_title":false,"_genesis_hide_breadcrumbs":false,"_genesis_hide_singular_image":false,"_genesis_hide_footer_widgets":false,"_genesis_custom_body_class":"","_genesis_custom_post_class":"","_genesis_layout":"","_jetpack_memberships_contains_paid_content":false,"footnotes":""},"categories":[22,7],"tags":[],"class_list":{"0":"post-39373","1":"post","2":"type-post","3":"status-publish","4":"format-standard","5":"has-post-thumbnail","7":"category-brasil","8":"category-economia","9":"entry","10":"gs-1","11":"gs-odd","12":"gs-even","13":"gs-featured-content-entry"},"jetpack_featured_media_url":"https:\/\/www.redenoticia.com.br\/noticia\/imagens\/economia1.jpg","jetpack_sharing_enabled":true,"jetpack_likes_enabled":true,"_links":{"self":[{"href":"https:\/\/www.redenoticia.com.br\/noticia\/wp-json\/wp\/v2\/posts\/39373","targetHints":{"allow":["GET"]}}],"collection":[{"href":"https:\/\/www.redenoticia.com.br\/noticia\/wp-json\/wp\/v2\/posts"}],"about":[{"href":"https:\/\/www.redenoticia.com.br\/noticia\/wp-json\/wp\/v2\/types\/post"}],"author":[{"embeddable":true,"href":"https:\/\/www.redenoticia.com.br\/noticia\/wp-json\/wp\/v2\/users\/3"}],"replies":[{"embeddable":true,"href":"https:\/\/www.redenoticia.com.br\/noticia\/wp-json\/wp\/v2\/comments?post=39373"}],"version-history":[{"count":0,"href":"https:\/\/www.redenoticia.com.br\/noticia\/wp-json\/wp\/v2\/posts\/39373\/revisions"}],"wp:featuredmedia":[{"embeddable":true,"href":"https:\/\/www.redenoticia.com.br\/noticia\/wp-json\/wp\/v2\/media\/38938"}],"wp:attachment":[{"href":"https:\/\/www.redenoticia.com.br\/noticia\/wp-json\/wp\/v2\/media?parent=39373"}],"wp:term":[{"taxonomy":"category","embeddable":true,"href":"https:\/\/www.redenoticia.com.br\/noticia\/wp-json\/wp\/v2\/categories?post=39373"},{"taxonomy":"post_tag","embeddable":true,"href":"https:\/\/www.redenoticia.com.br\/noticia\/wp-json\/wp\/v2\/tags?post=39373"}],"curies":[{"name":"wp","href":"https:\/\/api.w.org\/{rel}","templated":true}]}}