{"id":39356,"date":"2012-06-06T14:53:16","date_gmt":"2012-06-06T17:53:16","guid":{"rendered":"http:\/\/www.redenoticia.com.br\/noticia\/?p=39356"},"modified":"2012-06-06T14:53:16","modified_gmt":"2012-06-06T17:53:16","slug":"maio-e-primeiro-mes-do-ano-a-registrar-fluxo-cambial-negativo","status":"publish","type":"post","link":"https:\/\/www.redenoticia.com.br\/noticia\/2012\/maio-e-primeiro-mes-do-ano-a-registrar-fluxo-cambial-negativo\/39356","title":{"rendered":"Maio \u00e9 primeiro m\u00eas do ano a registrar fluxo cambial negativo"},"content":{"rendered":"<p><img loading=\"lazy\" decoding=\"async\" class=\"alignleft size-full wp-image-38938\" title=\"economia\" src=\"https:\/\/www.redenoticia.com.br\/noticia\/imagens\/economia1.jpg\" alt=\"\" width=\"300\" height=\"193\" srcset=\"https:\/\/www.redenoticia.com.br\/noticia\/imagens\/economia1.jpg 300w, https:\/\/www.redenoticia.com.br\/noticia\/imagens\/economia1-250x160.jpg 250w, https:\/\/www.redenoticia.com.br\/noticia\/imagens\/economia1-150x96.jpg 150w\" sizes=\"auto, (max-width: 300px) 100vw, 300px\" \/>Bras\u00edlia \u2013 O saldo da <em><strong>entrada e sa\u00edda de d\u00f3lares<\/strong><\/em> do pa\u00eds, fluxo cambial, ficou negativo em US$ 2,691 bilh\u00f5es, em maio, informou hoje (6) o Banco Central (BC). \u00c9 o primeiro m\u00eas este ano que o saldo ficou negativo. Em abril, o resultado ficou positivo em US$ 6,588 bilh\u00f5es. No primeiro dia deste m\u00eas, o saldo tamb\u00e9m ficou positivo, em US$ 324 milh\u00f5es.<\/p>\n<p>Em maio, o segmento financeiro (investimentos em t\u00edtulos, a\u00e7\u00f5es, remessas de lucros e dividendos ao exterior, entre outras opera\u00e7\u00f5es) registrou saldo negativo de US$ 6,327 bilh\u00f5es, enquanto o comercial (opera\u00e7\u00f5es relacionadas a exporta\u00e7\u00f5es e importa\u00e7\u00f5es) ficou positivo em US$ 3,636 bilh\u00f5es.<\/p>\n<p>De janeiro a 1\u00ba de junho, o fluxo cambial est\u00e1 positivo em US$ 22,949 bilh\u00f5es, ante US$ 42,659 bilh\u00f5es em igual per\u00edodo de 2011. Os dados acumulados deste ano mostram que o fluxo financeiro est\u00e1 positivo em US$ 1,609 bilh\u00e3o. O fluxo comercial registra saldo positivo de US$ 21,34 bilh\u00f5es.<\/p>\n<p>Os dados do BC tamb\u00e9m mostram que os bancos fecharam maio na posi\u00e7\u00e3o comprada (indica expectativa de alta do d\u00f3lar) de US$ 2,686 bilh\u00f5es. Em abril, a posi\u00e7\u00e3o comprada ficou em US$ 5,999 bilh\u00f5es.<\/p>\n<p>Kelly Oliveira<br \/>\nRep\u00f3rter da Ag\u00eancia Brasil<br \/>\nEdi\u00e7\u00e3o: Juliana Andrade<\/p>\n","protected":false},"excerpt":{"rendered":"<p>Bras\u00edlia \u2013 O saldo da entrada e sa\u00edda de d\u00f3lares do pa\u00eds, fluxo cambial, ficou negativo em US$ 2,691 bilh\u00f5es, em maio, informou hoje (6) o Banco Central (BC). \u00c9 o primeiro m\u00eas este ano que o saldo ficou negativo. Em abril, o resultado ficou positivo em US$ 6,588 bilh\u00f5es. No primeiro dia deste m\u00eas, [&hellip;]<\/p>\n","protected":false},"author":3,"featured_media":38938,"comment_status":"open","ping_status":"closed","sticky":false,"template":"","format":"standard","meta":{"_genesis_hide_title":false,"_genesis_hide_breadcrumbs":false,"_genesis_hide_singular_image":false,"_genesis_hide_footer_widgets":false,"_genesis_custom_body_class":"","_genesis_custom_post_class":"","_genesis_layout":"","_jetpack_memberships_contains_paid_content":false,"footnotes":""},"categories":[22,7],"tags":[],"class_list":{"0":"post-39356","1":"post","2":"type-post","3":"status-publish","4":"format-standard","5":"has-post-thumbnail","7":"category-brasil","8":"category-economia","9":"entry","10":"gs-1","11":"gs-odd","12":"gs-even","13":"gs-featured-content-entry"},"jetpack_featured_media_url":"https:\/\/www.redenoticia.com.br\/noticia\/imagens\/economia1.jpg","jetpack_sharing_enabled":true,"jetpack_likes_enabled":true,"_links":{"self":[{"href":"https:\/\/www.redenoticia.com.br\/noticia\/wp-json\/wp\/v2\/posts\/39356","targetHints":{"allow":["GET"]}}],"collection":[{"href":"https:\/\/www.redenoticia.com.br\/noticia\/wp-json\/wp\/v2\/posts"}],"about":[{"href":"https:\/\/www.redenoticia.com.br\/noticia\/wp-json\/wp\/v2\/types\/post"}],"author":[{"embeddable":true,"href":"https:\/\/www.redenoticia.com.br\/noticia\/wp-json\/wp\/v2\/users\/3"}],"replies":[{"embeddable":true,"href":"https:\/\/www.redenoticia.com.br\/noticia\/wp-json\/wp\/v2\/comments?post=39356"}],"version-history":[{"count":0,"href":"https:\/\/www.redenoticia.com.br\/noticia\/wp-json\/wp\/v2\/posts\/39356\/revisions"}],"wp:featuredmedia":[{"embeddable":true,"href":"https:\/\/www.redenoticia.com.br\/noticia\/wp-json\/wp\/v2\/media\/38938"}],"wp:attachment":[{"href":"https:\/\/www.redenoticia.com.br\/noticia\/wp-json\/wp\/v2\/media?parent=39356"}],"wp:term":[{"taxonomy":"category","embeddable":true,"href":"https:\/\/www.redenoticia.com.br\/noticia\/wp-json\/wp\/v2\/categories?post=39356"},{"taxonomy":"post_tag","embeddable":true,"href":"https:\/\/www.redenoticia.com.br\/noticia\/wp-json\/wp\/v2\/tags?post=39356"}],"curies":[{"name":"wp","href":"https:\/\/api.w.org\/{rel}","templated":true}]}}