{"id":39344,"date":"2012-06-05T16:40:59","date_gmt":"2012-06-05T19:40:59","guid":{"rendered":"http:\/\/www.redenoticia.com.br\/noticia\/?p=39344"},"modified":"2012-06-05T16:40:59","modified_gmt":"2012-06-05T19:40:59","slug":"consulta-ao-primeiro-lote-de-restituicao-do-ir-2012","status":"publish","type":"post","link":"https:\/\/www.redenoticia.com.br\/noticia\/2012\/consulta-ao-primeiro-lote-de-restituicao-do-ir-2012\/39344","title":{"rendered":"Consulta ao primeiro lote de restitui\u00e7\u00e3o do IR 2012"},"content":{"rendered":"<p><img loading=\"lazy\" decoding=\"async\" class=\"alignleft size-full wp-image-23889\" title=\"receita federal declara\u00e7\u00e3o imposto renda 2012\" src=\"https:\/\/www.redenoticia.com.br\/noticia\/imagens\/receita-federal-irpf-2010.jpg\" alt=\"\" width=\"300\" height=\"193\" srcset=\"https:\/\/www.redenoticia.com.br\/noticia\/imagens\/receita-federal-irpf-2010.jpg 300w, https:\/\/www.redenoticia.com.br\/noticia\/imagens\/receita-federal-irpf-2010-250x161.jpg 250w, https:\/\/www.redenoticia.com.br\/noticia\/imagens\/receita-federal-irpf-2010-150x97.jpg 150w\" sizes=\"auto, (max-width: 300px) 100vw, 300px\" \/>Bras\u00edlia &#8211; A <em><strong>Receita Federal<\/strong><\/em> deve liberar na pr\u00f3xima sexta-feira (8) a consulta ao primeiro lote regular da <em><strong>restitui\u00e7\u00e3o<\/strong><\/em> do Imposto de Renda Pessoa F\u00edsica 2012. Este ano, aproximadamente 25,24 milh\u00f5es de\u00a0contribuintes enviaram a declara\u00e7\u00e3o. No ano passado, 24,3 milh\u00f5es de pessoas f\u00edsicas entregaram o documento.<\/p>\n<p>A\u00a0libera\u00e7\u00e3o das restitui\u00e7\u00f5es\u00a0no banco come\u00e7a em 15 de junho e vai at\u00e9 17 de dezembro, com lotes regulares liberados a cada m\u00eas.<\/p>\n<p>Embora a prioridade seja para quem tem mais de 60 anos e quem preencheu a declara\u00e7\u00e3o corretamente, nada impede, segundo o supervisor nacional do Imposto de Renda, Joaquim Adir, que outros contribuintes sejam inclu\u00eddos nos primeiros lotes de restitui\u00e7\u00e3o. O prazo para a entrega da declara\u00e7\u00e3o\u00a0terminou no dia 30 de abril.<\/p>\n<p>Para saber se teve a restitui\u00e7\u00e3o liberada, o contribuinte dever\u00e1 acessar a p\u00e1gina da\u00a0<a href=\"http:\/\/www.receita.fazenda.gov.br\/\" rel=\"nofollow\">Receita Federal na internet<\/a>\u00a0ou ligar para o Receitafone 146.<\/p>\n<p>De acordo com a Receita, os contribuintes com direito \u00e0 restitui\u00e7\u00e3o do Imposto de Renda Pessoa F\u00edsica (IRPF) podem receber o aviso da libera\u00e7\u00e3o do dinheiro por mensagem de texto enviada para o telefone celular, previamente cadastrado. A mensagem ser\u00e1 remetida sempre que a restitui\u00e7\u00e3o for disponibilizada para resgate.<\/p>\n<p>O contribuinte poder\u00e1 cancelar ou alterar o n\u00famero do celular para o recebimento da mensagem SMS por meio de\u00a0<a href=\"http:\/\/www.receita.fazenda.gov.br\/PessoaFisica\/SMSRestituicao\/Default.asp\" rel=\"nofollow\">cadastro feito pela internet<\/a>.<\/p>\n<p>Daniel Lima<br \/>\nRep\u00f3rter da Ag\u00eancia Brasil<\/p>\n<p>Edi\u00e7\u00e3o: L\u00edlian Beraldo<\/p>\n","protected":false},"excerpt":{"rendered":"<p>Bras\u00edlia &#8211; A Receita Federal deve liberar na pr\u00f3xima sexta-feira (8) a consulta ao primeiro lote regular da restitui\u00e7\u00e3o do Imposto de Renda Pessoa F\u00edsica 2012. Este ano, aproximadamente 25,24 milh\u00f5es de\u00a0contribuintes enviaram a declara\u00e7\u00e3o. No ano passado, 24,3 milh\u00f5es de pessoas f\u00edsicas entregaram o documento. A\u00a0libera\u00e7\u00e3o das restitui\u00e7\u00f5es\u00a0no banco come\u00e7a em 15 de junho [&hellip;]<\/p>\n","protected":false},"author":3,"featured_media":23889,"comment_status":"open","ping_status":"closed","sticky":false,"template":"","format":"standard","meta":{"_genesis_hide_title":false,"_genesis_hide_breadcrumbs":false,"_genesis_hide_singular_image":false,"_genesis_hide_footer_widgets":false,"_genesis_custom_body_class":"","_genesis_custom_post_class":"","_genesis_layout":"","_jetpack_memberships_contains_paid_content":false,"footnotes":""},"categories":[22,7],"tags":[],"class_list":{"0":"post-39344","1":"post","2":"type-post","3":"status-publish","4":"format-standard","5":"has-post-thumbnail","7":"category-brasil","8":"category-economia","9":"entry","10":"gs-1","11":"gs-odd","12":"gs-even","13":"gs-featured-content-entry"},"jetpack_featured_media_url":"https:\/\/www.redenoticia.com.br\/noticia\/imagens\/receita-federal-irpf-2010.jpg","jetpack_sharing_enabled":true,"jetpack_likes_enabled":true,"_links":{"self":[{"href":"https:\/\/www.redenoticia.com.br\/noticia\/wp-json\/wp\/v2\/posts\/39344","targetHints":{"allow":["GET"]}}],"collection":[{"href":"https:\/\/www.redenoticia.com.br\/noticia\/wp-json\/wp\/v2\/posts"}],"about":[{"href":"https:\/\/www.redenoticia.com.br\/noticia\/wp-json\/wp\/v2\/types\/post"}],"author":[{"embeddable":true,"href":"https:\/\/www.redenoticia.com.br\/noticia\/wp-json\/wp\/v2\/users\/3"}],"replies":[{"embeddable":true,"href":"https:\/\/www.redenoticia.com.br\/noticia\/wp-json\/wp\/v2\/comments?post=39344"}],"version-history":[{"count":0,"href":"https:\/\/www.redenoticia.com.br\/noticia\/wp-json\/wp\/v2\/posts\/39344\/revisions"}],"wp:featuredmedia":[{"embeddable":true,"href":"https:\/\/www.redenoticia.com.br\/noticia\/wp-json\/wp\/v2\/media\/23889"}],"wp:attachment":[{"href":"https:\/\/www.redenoticia.com.br\/noticia\/wp-json\/wp\/v2\/media?parent=39344"}],"wp:term":[{"taxonomy":"category","embeddable":true,"href":"https:\/\/www.redenoticia.com.br\/noticia\/wp-json\/wp\/v2\/categories?post=39344"},{"taxonomy":"post_tag","embeddable":true,"href":"https:\/\/www.redenoticia.com.br\/noticia\/wp-json\/wp\/v2\/tags?post=39344"}],"curies":[{"name":"wp","href":"https:\/\/api.w.org\/{rel}","templated":true}]}}