{"id":39343,"date":"2012-06-05T16:35:37","date_gmt":"2012-06-05T19:35:37","guid":{"rendered":"http:\/\/www.redenoticia.com.br\/noticia\/?p=39343"},"modified":"2012-06-05T16:35:37","modified_gmt":"2012-06-05T19:35:37","slug":"confianca-do-comercio-na-economia-ainda-esta-negativa","status":"publish","type":"post","link":"https:\/\/www.redenoticia.com.br\/noticia\/2012\/confianca-do-comercio-na-economia-ainda-esta-negativa\/39343","title":{"rendered":"Confian\u00e7a do com\u00e9rcio na economia ainda est\u00e1 negativa"},"content":{"rendered":"<p><img loading=\"lazy\" decoding=\"async\" class=\"alignleft size-full wp-image-38938\" title=\"economia\" src=\"https:\/\/www.redenoticia.com.br\/noticia\/imagens\/economia1.jpg\" alt=\"\" width=\"300\" height=\"193\" srcset=\"https:\/\/www.redenoticia.com.br\/noticia\/imagens\/economia1.jpg 300w, https:\/\/www.redenoticia.com.br\/noticia\/imagens\/economia1-250x160.jpg 250w, https:\/\/www.redenoticia.com.br\/noticia\/imagens\/economia1-150x96.jpg 150w\" sizes=\"auto, (max-width: 300px) 100vw, 300px\" \/>Rio de Janeiro &#8211; A <em><strong>confian\u00e7a<\/strong><\/em> dos empres\u00e1rios do com\u00e9rcio na <em><strong>economia<\/strong><\/em> do pa\u00eds apresentou queda de 2,4% na m\u00e9dia dos meses de mar\u00e7o, abril e maio, na compara\u00e7\u00e3o com igual per\u00edodo do ano passado.<\/p>\n<p>O \u00cdndice de Confian\u00e7a do Com\u00e9rcio (Icom), divulgado hoje (5) pela Funda\u00e7\u00e3o Getulio Vargas (FGV), alcan\u00e7ou no trimestre 127,4 pontos, contra 130,6 pontos do mesmo per\u00edodo de 2011.<\/p>\n<p>No trimestre anterior \u2013 que compreende os meses de fevereiro, mar\u00e7o e abril de 2012 &#8211; o \u00cdndice de Confian\u00e7a do Com\u00e9rcio havia registrado queda de 4,4%, tamb\u00e9m na compara\u00e7\u00e3o com o mesmo per\u00edodo do ano passado.<\/p>\n<p>De acordo com o documento da FGV, a queda menos intensa entre os dois trimestres \u201csinaliza que o n\u00edvel de atividade do setor volta a se aquecer moderadamente\u201d.<\/p>\n<p>Os segmentos ve\u00edculos, motos e pe\u00e7as (\u20137,4%) e material para constru\u00e7\u00e3o (\u20132,2%) apresentaram as quedas mais intensas no trimestre encerrado em maio, comparado com o mesmo per\u00edodo do ano passado.<\/p>\n<p>O levantamento aponta ainda que as avalia\u00e7\u00f5es dos empres\u00e1rios do com\u00e9rcio sobre o momento atual ficaram est\u00e1veis (0,0%) em rela\u00e7\u00e3o ao mesmo per\u00edodo de 2011, enquanto no trimestre encerrado em abril, o \u00cdndice da Situa\u00e7\u00e3o Atual havia sido &#8211; 3,7% na mesma base de compara\u00e7\u00e3o.<\/p>\n<p>Na m\u00e9dia dos meses de mar\u00e7o a maio, 19,6% das empresas consultadas avaliaram o n\u00edvel atual de demanda como forte e 20,1%, como fraca. No mesmo per\u00edodo de 2011, esses percentuais haviam sido 19,9% e 20,4%, respectivamente.<\/p>\n<p>J\u00e1 em rela\u00e7\u00e3o aos pr\u00f3ximos meses, a percep\u00e7\u00e3o das empresas do setor mostrou-se menos desfavor\u00e1vel. O \u00cdndice de Expectativas caiu 3,9% no trimestre encerrado em maio, enquanto a queda em abril havia chegado a 4,8%, na mesma base de compara\u00e7\u00e3o.<\/p>\n<p>Entre as empresas consultadas, 60% esperam melhora da situa\u00e7\u00e3o dos neg\u00f3cios e 4,3% acreditam que haver\u00e1 piora. No mesmo per\u00edodo do ano passado, 66,9% dos empres\u00e1rios consultados estavam otimistas, enquanto 3,2% esperavam uma situa\u00e7\u00e3o menos favor\u00e1vel.<\/p>\n<p>Para compor o \u00cdndice de Confian\u00e7a do Com\u00e9rcio de maio, a Funda\u00e7\u00e3o Getulio Vargas coletou dados entre os dias 2 e 29 do m\u00eas entre 1.238 empresas, respons\u00e1veis por um total de 121.846 pessoas ocupadas.<\/p>\n<p>Thais Leit\u00e3o<br \/>\nRep\u00f3rter da Ag\u00eancia Brasil<br \/>\nEdi\u00e7\u00e3o: Davi Oliveira<\/p>\n","protected":false},"excerpt":{"rendered":"<p>Rio de Janeiro &#8211; A confian\u00e7a dos empres\u00e1rios do com\u00e9rcio na economia do pa\u00eds apresentou queda de 2,4% na m\u00e9dia dos meses de mar\u00e7o, abril e maio, na compara\u00e7\u00e3o com igual per\u00edodo do ano passado. O \u00cdndice de Confian\u00e7a do Com\u00e9rcio (Icom), divulgado hoje (5) pela Funda\u00e7\u00e3o Getulio Vargas (FGV), alcan\u00e7ou no trimestre 127,4 pontos, [&hellip;]<\/p>\n","protected":false},"author":3,"featured_media":38938,"comment_status":"open","ping_status":"closed","sticky":false,"template":"","format":"standard","meta":{"_genesis_hide_title":false,"_genesis_hide_breadcrumbs":false,"_genesis_hide_singular_image":false,"_genesis_hide_footer_widgets":false,"_genesis_custom_body_class":"","_genesis_custom_post_class":"","_genesis_layout":"","_jetpack_memberships_contains_paid_content":false,"footnotes":""},"categories":[22,7],"tags":[],"class_list":{"0":"post-39343","1":"post","2":"type-post","3":"status-publish","4":"format-standard","5":"has-post-thumbnail","7":"category-brasil","8":"category-economia","9":"entry","10":"gs-1","11":"gs-odd","12":"gs-even","13":"gs-featured-content-entry"},"jetpack_featured_media_url":"https:\/\/www.redenoticia.com.br\/noticia\/imagens\/economia1.jpg","jetpack_sharing_enabled":true,"jetpack_likes_enabled":true,"_links":{"self":[{"href":"https:\/\/www.redenoticia.com.br\/noticia\/wp-json\/wp\/v2\/posts\/39343","targetHints":{"allow":["GET"]}}],"collection":[{"href":"https:\/\/www.redenoticia.com.br\/noticia\/wp-json\/wp\/v2\/posts"}],"about":[{"href":"https:\/\/www.redenoticia.com.br\/noticia\/wp-json\/wp\/v2\/types\/post"}],"author":[{"embeddable":true,"href":"https:\/\/www.redenoticia.com.br\/noticia\/wp-json\/wp\/v2\/users\/3"}],"replies":[{"embeddable":true,"href":"https:\/\/www.redenoticia.com.br\/noticia\/wp-json\/wp\/v2\/comments?post=39343"}],"version-history":[{"count":0,"href":"https:\/\/www.redenoticia.com.br\/noticia\/wp-json\/wp\/v2\/posts\/39343\/revisions"}],"wp:featuredmedia":[{"embeddable":true,"href":"https:\/\/www.redenoticia.com.br\/noticia\/wp-json\/wp\/v2\/media\/38938"}],"wp:attachment":[{"href":"https:\/\/www.redenoticia.com.br\/noticia\/wp-json\/wp\/v2\/media?parent=39343"}],"wp:term":[{"taxonomy":"category","embeddable":true,"href":"https:\/\/www.redenoticia.com.br\/noticia\/wp-json\/wp\/v2\/categories?post=39343"},{"taxonomy":"post_tag","embeddable":true,"href":"https:\/\/www.redenoticia.com.br\/noticia\/wp-json\/wp\/v2\/tags?post=39343"}],"curies":[{"name":"wp","href":"https:\/\/api.w.org\/{rel}","templated":true}]}}