{"id":39339,"date":"2012-06-05T16:15:17","date_gmt":"2012-06-05T19:15:17","guid":{"rendered":"http:\/\/www.redenoticia.com.br\/noticia\/?p=39339"},"modified":"2012-06-05T16:15:17","modified_gmt":"2012-06-05T19:15:17","slug":"vendas-no-comercio-em-todo-o-pais-crescem-41-em-maio","status":"publish","type":"post","link":"https:\/\/www.redenoticia.com.br\/noticia\/2012\/vendas-no-comercio-em-todo-o-pais-crescem-41-em-maio\/39339","title":{"rendered":"Vendas no com\u00e9rcio em todo o pa\u00eds crescem 4,1% em maio"},"content":{"rendered":"<p><img loading=\"lazy\" decoding=\"async\" class=\"alignleft size-full wp-image-38940\" title=\"grafico\" src=\"https:\/\/www.redenoticia.com.br\/noticia\/imagens\/grafico.jpg\" alt=\"\" width=\"300\" height=\"193\" srcset=\"https:\/\/www.redenoticia.com.br\/noticia\/imagens\/grafico.jpg 300w, https:\/\/www.redenoticia.com.br\/noticia\/imagens\/grafico-250x160.jpg 250w, https:\/\/www.redenoticia.com.br\/noticia\/imagens\/grafico-150x96.jpg 150w\" sizes=\"auto, (max-width: 300px) 100vw, 300px\" \/>S\u00e3o Paulo \u2013 As <em><strong>vendas<\/strong><\/em> nas lojas de todo o pa\u00eds cresceram 4,1% em maio, segundo <em><strong>balan\u00e7o<\/strong><\/em> divulgado hoje (5) pela empresa de consultoria Serasa Experian. De acordo com o levantamento, esse \u00e9 o melhor resultado desde agosto de 2007. Na compara\u00e7\u00e3o com maio de 2011, houve crescimento de 9,8% no movimento do varejo. No acumulado do ano, a atividade varejista cresceu 7,1% em rela\u00e7\u00e3o ao mesmo per\u00edodo do ano passado.<\/p>\n<p>Segundo os economistas da Serasa, a redu\u00e7\u00e3o do Imposto sobre Produtos Industrializados (IPI) sobre autom\u00f3veis e a volta dos feir\u00f5es impulsionaram o movimento dos consumidores no segmento de ve\u00edculos, motos e pe\u00e7as, que registrou crescimento de 4,9% em maio, a maior alta mensal para o segmento desde agosto de 2011. Para os economistas, o Dia das M\u00e3es tamb\u00e9m contribuiu para promover um bom desempenho da atividade varejista no m\u00eas passado, especialmente no segmento de m\u00f3veis, eletroeletr\u00f4nicos e inform\u00e1tica, que registrou crescimento de 3,2%.<\/p>\n<p>Outros setores tamb\u00e9m registraram crescimento com destaque para o de material de constru\u00e7\u00e3o, com 3,1%. Apresentaram evolu\u00e7\u00f5es mais modestas os segmentos de supermercados, hipermercados, alimentos e bebidas (0,8%); combust\u00edveis e lubrificantes (0,3%) e tecidos, vestu\u00e1rio, cal\u00e7ados e acess\u00f3rios (0,2%).<\/p>\n<p>Fl\u00e1via Albuquerque<br \/>\nRep\u00f3rter da Ag\u00eancia Brasil<\/p>\n<p>Edi\u00e7\u00e3o: L\u00edlian Beraldo<\/p>\n","protected":false},"excerpt":{"rendered":"<p>S\u00e3o Paulo \u2013 As vendas nas lojas de todo o pa\u00eds cresceram 4,1% em maio, segundo balan\u00e7o divulgado hoje (5) pela empresa de consultoria Serasa Experian. De acordo com o levantamento, esse \u00e9 o melhor resultado desde agosto de 2007. Na compara\u00e7\u00e3o com maio de 2011, houve crescimento de 9,8% no movimento do varejo. No [&hellip;]<\/p>\n","protected":false},"author":3,"featured_media":38940,"comment_status":"open","ping_status":"closed","sticky":false,"template":"","format":"standard","meta":{"_genesis_hide_title":false,"_genesis_hide_breadcrumbs":false,"_genesis_hide_singular_image":false,"_genesis_hide_footer_widgets":false,"_genesis_custom_body_class":"","_genesis_custom_post_class":"","_genesis_layout":"","_jetpack_memberships_contains_paid_content":false,"footnotes":""},"categories":[22,7],"tags":[],"class_list":{"0":"post-39339","1":"post","2":"type-post","3":"status-publish","4":"format-standard","5":"has-post-thumbnail","7":"category-brasil","8":"category-economia","9":"entry","10":"gs-1","11":"gs-odd","12":"gs-even","13":"gs-featured-content-entry"},"jetpack_featured_media_url":"https:\/\/www.redenoticia.com.br\/noticia\/imagens\/grafico.jpg","jetpack_sharing_enabled":true,"jetpack_likes_enabled":true,"_links":{"self":[{"href":"https:\/\/www.redenoticia.com.br\/noticia\/wp-json\/wp\/v2\/posts\/39339","targetHints":{"allow":["GET"]}}],"collection":[{"href":"https:\/\/www.redenoticia.com.br\/noticia\/wp-json\/wp\/v2\/posts"}],"about":[{"href":"https:\/\/www.redenoticia.com.br\/noticia\/wp-json\/wp\/v2\/types\/post"}],"author":[{"embeddable":true,"href":"https:\/\/www.redenoticia.com.br\/noticia\/wp-json\/wp\/v2\/users\/3"}],"replies":[{"embeddable":true,"href":"https:\/\/www.redenoticia.com.br\/noticia\/wp-json\/wp\/v2\/comments?post=39339"}],"version-history":[{"count":0,"href":"https:\/\/www.redenoticia.com.br\/noticia\/wp-json\/wp\/v2\/posts\/39339\/revisions"}],"wp:featuredmedia":[{"embeddable":true,"href":"https:\/\/www.redenoticia.com.br\/noticia\/wp-json\/wp\/v2\/media\/38940"}],"wp:attachment":[{"href":"https:\/\/www.redenoticia.com.br\/noticia\/wp-json\/wp\/v2\/media?parent=39339"}],"wp:term":[{"taxonomy":"category","embeddable":true,"href":"https:\/\/www.redenoticia.com.br\/noticia\/wp-json\/wp\/v2\/categories?post=39339"},{"taxonomy":"post_tag","embeddable":true,"href":"https:\/\/www.redenoticia.com.br\/noticia\/wp-json\/wp\/v2\/tags?post=39339"}],"curies":[{"name":"wp","href":"https:\/\/api.w.org\/{rel}","templated":true}]}}