{"id":39333,"date":"2012-06-04T10:34:50","date_gmt":"2012-06-04T13:34:50","guid":{"rendered":"http:\/\/www.redenoticia.com.br\/noticia\/?p=39333"},"modified":"2012-06-04T14:37:40","modified_gmt":"2012-06-04T17:37:40","slug":"bc-decreta-intervencao-no-banco-cruzeiro-do-sul","status":"publish","type":"post","link":"https:\/\/www.redenoticia.com.br\/noticia\/2012\/bc-decreta-intervencao-no-banco-cruzeiro-do-sul\/39333","title":{"rendered":"BC decreta interven\u00e7\u00e3o no Banco Cruzeiro do Sul"},"content":{"rendered":"<p><img loading=\"lazy\" decoding=\"async\" class=\"alignleft size-full wp-image-38938\" title=\"economia\" src=\"https:\/\/www.redenoticia.com.br\/noticia\/imagens\/economia1.jpg\" alt=\"\" width=\"300\" height=\"193\" srcset=\"https:\/\/www.redenoticia.com.br\/noticia\/imagens\/economia1.jpg 300w, https:\/\/www.redenoticia.com.br\/noticia\/imagens\/economia1-250x160.jpg 250w, https:\/\/www.redenoticia.com.br\/noticia\/imagens\/economia1-150x96.jpg 150w\" sizes=\"auto, (max-width: 300px) 100vw, 300px\" \/>Bras\u00edlia &#8211; O Banco Central (BC) decretou hoje (4) Regime de Administra\u00e7\u00e3o Especial Tempor\u00e1ria (Raet), pelo prazo de 180 dias, no <em><strong>Banco Cruzeiro do Sul,<\/strong><\/em> com sede na cidade de S\u00e3o Paulo. Segundo BC, a medida foi tomada em decorr\u00eancia do \u201cdescumprimento de normas aplic\u00e1veis ao sistema financeiro e da verifica\u00e7\u00e3o de insubsist\u00eancia em itens do ativo\u201d.<\/p>\n<p>O\u00a0Raet \u00e9 um regime com prazo limitado, por meio do qual o BC substitui os dirigentes da institui\u00e7\u00e3o por um conselho de diretores ou por uma pessoa jur\u00eddica especializada. O objetivo \u00e9 corrigir procedimentos operacionais ou\u00a0eliminar defici\u00eancias que possam comprometer o seu funcionamento, explicou o Banco Central.<\/p>\n<p>O BC esclarece que o regime n\u00e3o afeta o andamento dos neg\u00f3cios da institui\u00e7\u00e3o, que continua funcionando normalmente e pode realizar todas as opera\u00e7\u00f5es para as quais tem autoriza\u00e7\u00e3o. Segundo o Banco Central, \u201cem consequ\u00eancia, \u00e9 preservada a rela\u00e7\u00e3o dos credores e dos devedores com a institui\u00e7\u00e3o. Assim, tanto os compromissos de terceiros com a institui\u00e7\u00e3o quanto as suas d\u00edvidas continuam a vencer nos prazos originalmente contratados\u201d.<\/p>\n<p>De acordo com o BC, o Banco Cruzeiro do Sul \u00e9 uma institui\u00e7\u00e3o financeira de pequeno porte que, em dezembro de 2011, detinha ativos que representavam apenas 0,22% do total dos ativos do sistema financeiro e 0,35% dos dep\u00f3sitos. Est\u00e1 autorizado a operar com as carteiras comercial, de investimentos e de c\u00e2mbio. Com opera\u00e7\u00f5es concentradas nas duas ag\u00eancias de S\u00e3o Paulo e do Rio de Janeiro, o banco tem mais seis ag\u00eancias, em Campinas, Salvador, Recife, Bel\u00e9m, Macap\u00e1 e Palmas.<\/p>\n<p>Tamb\u00e9m foi decretado o Raet nas empresas do grupo Cruzeiro do Sul, pelo mesmo prazo de 180 dias: Cruzeiro do Sul S.A Corretora de Valores e Mercadorias, Cruzeiro do Sul DTVM, e Cruzeiro do Sul S.A. Companhia Securitizadora de Cr\u00e9ditos Financeiros.<\/p>\n<p>\u201cO Banco Central est\u00e1 tomando todas as medidas cab\u00edveis para apurar as responsabilidades, nos termos de suas compet\u00eancias legais de supervis\u00e3o do sistema financeiro\u201d, destaca o BC, Segundo a institui\u00e7\u00e3o, entre as consequ\u00eancias das apura\u00e7\u00f5es est\u00e3o a aplica\u00e7\u00e3o de medidas punitivas de car\u00e1ter administrativo e a comunica\u00e7\u00e3o \u00e0s autoridades competentes. \u201cNos termos da lei, ficam indispon\u00edveis os bens dos controladores e dos ex-administradores das institui\u00e7\u00f5es\u201d, acrescenta o Banco Central.<\/p>\n<p>O BC nomeou o Fundo Garantidor de Cr\u00e9ditos (FGC) como administrador especial tempor\u00e1rio.<\/p>\n<p>Kelly Oliveira<br \/>\nRep\u00f3rter da Ag\u00eancia Brasil<br \/>\nEdi\u00e7\u00e3o: Juliana Andrade<\/p>\n","protected":false},"excerpt":{"rendered":"<p>Bras\u00edlia &#8211; O Banco Central (BC) decretou hoje (4) Regime de Administra\u00e7\u00e3o Especial Tempor\u00e1ria (Raet), pelo prazo de 180 dias, no Banco Cruzeiro do Sul, com sede na cidade de S\u00e3o Paulo. Segundo BC, a medida foi tomada em decorr\u00eancia do \u201cdescumprimento de normas aplic\u00e1veis ao sistema financeiro e da verifica\u00e7\u00e3o de insubsist\u00eancia em itens [&hellip;]<\/p>\n","protected":false},"author":3,"featured_media":38938,"comment_status":"open","ping_status":"closed","sticky":false,"template":"","format":"standard","meta":{"_genesis_hide_title":false,"_genesis_hide_breadcrumbs":false,"_genesis_hide_singular_image":false,"_genesis_hide_footer_widgets":false,"_genesis_custom_body_class":"","_genesis_custom_post_class":"","_genesis_layout":"","_jetpack_memberships_contains_paid_content":false,"footnotes":""},"categories":[22,7],"tags":[],"class_list":{"0":"post-39333","1":"post","2":"type-post","3":"status-publish","4":"format-standard","5":"has-post-thumbnail","7":"category-brasil","8":"category-economia","9":"entry","10":"gs-1","11":"gs-odd","12":"gs-even","13":"gs-featured-content-entry"},"jetpack_featured_media_url":"https:\/\/www.redenoticia.com.br\/noticia\/imagens\/economia1.jpg","jetpack_sharing_enabled":true,"jetpack_likes_enabled":true,"_links":{"self":[{"href":"https:\/\/www.redenoticia.com.br\/noticia\/wp-json\/wp\/v2\/posts\/39333","targetHints":{"allow":["GET"]}}],"collection":[{"href":"https:\/\/www.redenoticia.com.br\/noticia\/wp-json\/wp\/v2\/posts"}],"about":[{"href":"https:\/\/www.redenoticia.com.br\/noticia\/wp-json\/wp\/v2\/types\/post"}],"author":[{"embeddable":true,"href":"https:\/\/www.redenoticia.com.br\/noticia\/wp-json\/wp\/v2\/users\/3"}],"replies":[{"embeddable":true,"href":"https:\/\/www.redenoticia.com.br\/noticia\/wp-json\/wp\/v2\/comments?post=39333"}],"version-history":[{"count":0,"href":"https:\/\/www.redenoticia.com.br\/noticia\/wp-json\/wp\/v2\/posts\/39333\/revisions"}],"wp:featuredmedia":[{"embeddable":true,"href":"https:\/\/www.redenoticia.com.br\/noticia\/wp-json\/wp\/v2\/media\/38938"}],"wp:attachment":[{"href":"https:\/\/www.redenoticia.com.br\/noticia\/wp-json\/wp\/v2\/media?parent=39333"}],"wp:term":[{"taxonomy":"category","embeddable":true,"href":"https:\/\/www.redenoticia.com.br\/noticia\/wp-json\/wp\/v2\/categories?post=39333"},{"taxonomy":"post_tag","embeddable":true,"href":"https:\/\/www.redenoticia.com.br\/noticia\/wp-json\/wp\/v2\/tags?post=39333"}],"curies":[{"name":"wp","href":"https:\/\/api.w.org\/{rel}","templated":true}]}}