{"id":39331,"date":"2012-06-04T10:33:52","date_gmt":"2012-06-04T13:33:52","guid":{"rendered":"http:\/\/www.redenoticia.com.br\/noticia\/?p=39331"},"modified":"2012-06-04T14:34:26","modified_gmt":"2012-06-04T17:34:26","slug":"mp-do-codigo-florestal-ja-recebeu-quase-200-emendas","status":"publish","type":"post","link":"https:\/\/www.redenoticia.com.br\/noticia\/2012\/mp-do-codigo-florestal-ja-recebeu-quase-200-emendas\/39331","title":{"rendered":"MP do C\u00f3digo Florestal j\u00e1 recebeu quase 200 emendas"},"content":{"rendered":"<p><img loading=\"lazy\" decoding=\"async\" class=\"alignleft size-full wp-image-34905\" title=\"codigo florestal\" src=\"https:\/\/www.redenoticia.com.br\/noticia\/imagens\/codigo-florestal.jpg\" alt=\"\" width=\"300\" height=\"193\" srcset=\"https:\/\/www.redenoticia.com.br\/noticia\/imagens\/codigo-florestal.jpg 300w, https:\/\/www.redenoticia.com.br\/noticia\/imagens\/codigo-florestal-250x160.jpg 250w, https:\/\/www.redenoticia.com.br\/noticia\/imagens\/codigo-florestal-150x96.jpg 150w\" sizes=\"auto, (max-width: 300px) 100vw, 300px\" \/>Bras\u00edlia &#8211; A defini\u00e7\u00e3o de um novo <em><strong>C\u00f3digo Florestal<\/strong><\/em> para o Brasil retoma amanh\u00e3 (5) a agenda do Congresso, com a escolha do senador Luiz Henrique da Silveira (PMDB-SC) para assumir a relatoria na comiss\u00e3o especial mista destinada a analisar a viabilidade constitucional, jur\u00eddica e admissional da mat\u00e9ria. At\u00e9 a meia-noite de ontem (3), quase 200 emendas j\u00e1 haviam sido apresentadas \u00e0 medida provis\u00f3ria (MP) enviada ao Parlamento pela presidenta Dilma Rousseff a fim de recompor os vetos ao texto aprovado pelos congressistas.<\/p>\n<p>O fato de ser um tema de interesse de partidos da oposi\u00e7\u00e3o e da base e de ser tratado em um ano eleitoral \u00e9 um complicador a ser contornado tanto nas negocia\u00e7\u00f5es com os deputados e senadores, ambientalistas e ruralistas quanto nas demandas levadas ao governo. O futuro relator minimiza as press\u00f5es e considera que j\u00e1 na comiss\u00e3o especial ser\u00e1 poss\u00edvel construir um texto de consenso entre<\/p>\n<p>Senado e C\u00e2mara.<br \/>\nEle destacou que o alto n\u00famero de emendas j\u00e1 apresentadas (quase 200) n\u00e3o representa problemas. &#8220;Acredito muito na capacidade criativa dos parlamentares. Quem sabe por meio de uma dessas emendas a gente encontre motivo de supera\u00e7\u00e3o das diverg\u00eancias\u201d, disse o parlamentar.<\/p>\n<p>Para ele, os pontos \u201cmais traum\u00e1ticos\u201d foram resolvidos quando o projeto de lei do C\u00f3digo Florestal tramitou no Senado e pela MP. Luiz Henrique ressaltou que a presidenta Dilma Rousseff preservou, na medida provis\u00f3ria, a maior parte do texto aprovado pelos senadores o que, necessariamente n\u00e3o significa qualquer facilidade. Ao contr\u00e1rio, a mat\u00e9ria foi praticamente toda alterada pelos deputados quando retornou \u00e0 C\u00e2mara para que fosse revista.<\/p>\n<p>A flexibiliza\u00e7\u00e3o do c\u00f3digo em vigor aos pequenos produtores e agricultores, inclusive familiares, pode ser uma dessas vantagens na negocia\u00e7\u00e3o parlamentar. Dilma Rousseff, lembrou o senador, definiu que essas pessoas ter\u00e3o que recompor apenas 5 metros da \u00e1rea rip\u00e1ria \u2013 matas ciliares \u2013 quando as propriedades tiverem at\u00e9 1 m\u00f3dulo fiscal. J\u00e1 nos im\u00f3veis de 1 a 2 m\u00f3dulos essa recomposi\u00e7\u00e3o ser\u00e1 de 8 metros e de 15 metros para os que tenham de 2 a 4 m\u00f3dulos.<\/p>\n<p>Ele tamb\u00e9m citou o restabelecimento de \u00e1rea de prote\u00e7\u00e3o permanente (APP) em 100 metros para os rios mais largos como fator que ajudar\u00e1 nas negocia\u00e7\u00f5es com os ambientalistas e ruralistas. \u201cIsso favorece um espectro de 95% dos agricultores brasileiros\u201d, ressaltou Luiz Henrique.<\/p>\n<p>De qualquer forma, o senador reconheceu que n\u00e3o ser\u00e1 f\u00e1cil a busca desse entendimento. A partir da aprova\u00e7\u00e3o da mat\u00e9ria, com as recomenda\u00e7\u00f5es de mudan\u00e7as ou n\u00e3o no m\u00e9rito da MP, a mat\u00e9ria ser\u00e1 apreciada, separadamente, pela C\u00e2mara e pelo Senado.<\/p>\n<p>Marcos Chagas<br \/>\nRep\u00f3rter da Ag\u00eancia Brasil<\/p>\n<p>Edi\u00e7\u00e3o: Talita Cavalcante<\/p>\n","protected":false},"excerpt":{"rendered":"<p>Bras\u00edlia &#8211; A defini\u00e7\u00e3o de um novo C\u00f3digo Florestal para o Brasil retoma amanh\u00e3 (5) a agenda do Congresso, com a escolha do senador Luiz Henrique da Silveira (PMDB-SC) para assumir a relatoria na comiss\u00e3o especial mista destinada a analisar a viabilidade constitucional, jur\u00eddica e admissional da mat\u00e9ria. At\u00e9 a meia-noite de ontem (3), quase [&hellip;]<\/p>\n","protected":false},"author":3,"featured_media":34905,"comment_status":"open","ping_status":"closed","sticky":false,"template":"","format":"standard","meta":{"_genesis_hide_title":false,"_genesis_hide_breadcrumbs":false,"_genesis_hide_singular_image":false,"_genesis_hide_footer_widgets":false,"_genesis_custom_body_class":"","_genesis_custom_post_class":"","_genesis_layout":"","_jetpack_memberships_contains_paid_content":false,"footnotes":""},"categories":[22,7],"tags":[],"class_list":{"0":"post-39331","1":"post","2":"type-post","3":"status-publish","4":"format-standard","5":"has-post-thumbnail","7":"category-brasil","8":"category-economia","9":"entry","10":"gs-1","11":"gs-odd","12":"gs-even","13":"gs-featured-content-entry"},"jetpack_featured_media_url":"https:\/\/www.redenoticia.com.br\/noticia\/imagens\/codigo-florestal.jpg","jetpack_sharing_enabled":true,"jetpack_likes_enabled":true,"_links":{"self":[{"href":"https:\/\/www.redenoticia.com.br\/noticia\/wp-json\/wp\/v2\/posts\/39331","targetHints":{"allow":["GET"]}}],"collection":[{"href":"https:\/\/www.redenoticia.com.br\/noticia\/wp-json\/wp\/v2\/posts"}],"about":[{"href":"https:\/\/www.redenoticia.com.br\/noticia\/wp-json\/wp\/v2\/types\/post"}],"author":[{"embeddable":true,"href":"https:\/\/www.redenoticia.com.br\/noticia\/wp-json\/wp\/v2\/users\/3"}],"replies":[{"embeddable":true,"href":"https:\/\/www.redenoticia.com.br\/noticia\/wp-json\/wp\/v2\/comments?post=39331"}],"version-history":[{"count":0,"href":"https:\/\/www.redenoticia.com.br\/noticia\/wp-json\/wp\/v2\/posts\/39331\/revisions"}],"wp:featuredmedia":[{"embeddable":true,"href":"https:\/\/www.redenoticia.com.br\/noticia\/wp-json\/wp\/v2\/media\/34905"}],"wp:attachment":[{"href":"https:\/\/www.redenoticia.com.br\/noticia\/wp-json\/wp\/v2\/media?parent=39331"}],"wp:term":[{"taxonomy":"category","embeddable":true,"href":"https:\/\/www.redenoticia.com.br\/noticia\/wp-json\/wp\/v2\/categories?post=39331"},{"taxonomy":"post_tag","embeddable":true,"href":"https:\/\/www.redenoticia.com.br\/noticia\/wp-json\/wp\/v2\/tags?post=39331"}],"curies":[{"name":"wp","href":"https:\/\/api.w.org\/{rel}","templated":true}]}}