{"id":39303,"date":"2012-06-01T11:29:34","date_gmt":"2012-06-01T14:29:34","guid":{"rendered":"http:\/\/www.redenoticia.com.br\/noticia\/?p=39303"},"modified":"2012-06-01T17:31:04","modified_gmt":"2012-06-01T20:31:04","slug":"inflacao-medida-pelo-ipc-s-acumula-alta-de-272-no-ano","status":"publish","type":"post","link":"https:\/\/www.redenoticia.com.br\/noticia\/2012\/inflacao-medida-pelo-ipc-s-acumula-alta-de-272-no-ano\/39303","title":{"rendered":"Infla\u00e7\u00e3o medida pelo IPC-S acumula alta de 2,72% no ano"},"content":{"rendered":"<p><img loading=\"lazy\" decoding=\"async\" class=\"alignleft size-full wp-image-38940\" title=\"grafico\" src=\"https:\/\/www.redenoticia.com.br\/noticia\/imagens\/grafico.jpg\" alt=\"\" width=\"300\" height=\"193\" srcset=\"https:\/\/www.redenoticia.com.br\/noticia\/imagens\/grafico.jpg 300w, https:\/\/www.redenoticia.com.br\/noticia\/imagens\/grafico-250x160.jpg 250w, https:\/\/www.redenoticia.com.br\/noticia\/imagens\/grafico-150x96.jpg 150w\" sizes=\"auto, (max-width: 300px) 100vw, 300px\" \/>S\u00e3o Paulo \u2013 O \u00cdndice de Pre\u00e7os ao Consumidor \u2013 Semanal (<em><strong>IPC-S<\/strong><\/em>) fechou o m\u00eas de maio com varia\u00e7\u00e3o de 0,52%, uma alta de 0,02 ponto percentual em rela\u00e7\u00e3o \u00e0 taxa registrada na terceira pr\u00e9via do m\u00eas (0,5%). O IPC-S, que \u00e9 medido pelo Instituto Brasileiro de Economia (Ibre) da Funda\u00e7\u00e3o Getulio Vargas (FGV), acumula alta de 2,72% no ano e 5,06% nos \u00faltimos 12 meses.<\/p>\n<p>Cinco das oito classes de despesa que comp\u00f5em o \u00edndice tiveram acr\u00e9scimos nas taxas de varia\u00e7\u00e3o. O grupo alimenta\u00e7\u00e3o (0,61%) foi o que mais pressionou o resultado, com alta de 0,13 ponto percentual em rela\u00e7\u00e3o \u00e0 \u00faltima apura\u00e7\u00e3o (0,48%). O destaque desse grupo foi o item hortali\u00e7as e legumes, que passou de 3,76% para 6,26%.<\/p>\n<p>A segunda maior alta foi registrada no grupo vestu\u00e1rio, que teve acr\u00e9scimo de 0,49 ponto percentual, passando de 0,44% para 0,93%. Nesse grupo o item roupas (1,18%) foi o que mais se destacou, com alta de 0,59 ponto percentual acima da terceira pr\u00e9via de maio, que ficou em 0,59%.<\/p>\n<p>Os demais grupos com acr\u00e9scimo foram comunica\u00e7\u00e3o (de -0,27% para -0,13%), educa\u00e7\u00e3o, leitura e recrea\u00e7\u00e3o (de 0,11% para 0,23%) e habita\u00e7\u00e3o (de 0,49% para 0,55%). Nesses grupos, os destaques foram os itens mensalidade para TV por assinatura (0% para 1,02%), passagem a\u00e9rea (-2,53% para 0,84%) e taxa de \u00e1gua e esgoto residencial (1,33% para 1,94%), respectivamente.<\/p>\n<p>No sentido contr\u00e1rio, o grupo transportes registrou queda nas quatro medi\u00e7\u00f5es de maio. Nesta apura\u00e7\u00e3o, o grupo apresentou varia\u00e7\u00e3o negativa e ficou em -0,11%, uma queda de 0,28 ponto em compara\u00e7\u00e3o com a terceira pr\u00e9via do m\u00eas (0,17%). A maior redu\u00e7\u00e3o foi registrada no item autom\u00f3vel novo (-0,90%), uma queda 1,12 ponto percentual.<\/p>\n<p>Tamb\u00e9m houve decr\u00e9scimo nos grupos sa\u00fade e cuidados pessoais (de 0,81% para 0,70%) e despesas diversas (de 3,96% para 3,73%). Os itens medicamentos em geral (de 1,81% para 1,42%) e cigarros (de 9,95% para 9,19%) foram os que mais pressionaram para a redu\u00e7\u00e3o do \u00edndice nesses grupos, respectivamente.<\/p>\n<p>Camila Maciel<br \/>\nRep\u00f3rter da Ag\u00eancia Brasil<\/p>\n<p>Edi\u00e7\u00e3o: L\u00edlian Beraldo<\/p>\n","protected":false},"excerpt":{"rendered":"<p>S\u00e3o Paulo \u2013 O \u00cdndice de Pre\u00e7os ao Consumidor \u2013 Semanal (IPC-S) fechou o m\u00eas de maio com varia\u00e7\u00e3o de 0,52%, uma alta de 0,02 ponto percentual em rela\u00e7\u00e3o \u00e0 taxa registrada na terceira pr\u00e9via do m\u00eas (0,5%). O IPC-S, que \u00e9 medido pelo Instituto Brasileiro de Economia (Ibre) da Funda\u00e7\u00e3o Getulio Vargas (FGV), acumula [&hellip;]<\/p>\n","protected":false},"author":3,"featured_media":38940,"comment_status":"open","ping_status":"closed","sticky":false,"template":"","format":"standard","meta":{"_genesis_hide_title":false,"_genesis_hide_breadcrumbs":false,"_genesis_hide_singular_image":false,"_genesis_hide_footer_widgets":false,"_genesis_custom_body_class":"","_genesis_custom_post_class":"","_genesis_layout":"","_jetpack_memberships_contains_paid_content":false,"footnotes":""},"categories":[22,7],"tags":[],"class_list":{"0":"post-39303","1":"post","2":"type-post","3":"status-publish","4":"format-standard","5":"has-post-thumbnail","7":"category-brasil","8":"category-economia","9":"entry","10":"gs-1","11":"gs-odd","12":"gs-even","13":"gs-featured-content-entry"},"jetpack_featured_media_url":"https:\/\/www.redenoticia.com.br\/noticia\/imagens\/grafico.jpg","jetpack_sharing_enabled":true,"jetpack_likes_enabled":true,"_links":{"self":[{"href":"https:\/\/www.redenoticia.com.br\/noticia\/wp-json\/wp\/v2\/posts\/39303","targetHints":{"allow":["GET"]}}],"collection":[{"href":"https:\/\/www.redenoticia.com.br\/noticia\/wp-json\/wp\/v2\/posts"}],"about":[{"href":"https:\/\/www.redenoticia.com.br\/noticia\/wp-json\/wp\/v2\/types\/post"}],"author":[{"embeddable":true,"href":"https:\/\/www.redenoticia.com.br\/noticia\/wp-json\/wp\/v2\/users\/3"}],"replies":[{"embeddable":true,"href":"https:\/\/www.redenoticia.com.br\/noticia\/wp-json\/wp\/v2\/comments?post=39303"}],"version-history":[{"count":0,"href":"https:\/\/www.redenoticia.com.br\/noticia\/wp-json\/wp\/v2\/posts\/39303\/revisions"}],"wp:featuredmedia":[{"embeddable":true,"href":"https:\/\/www.redenoticia.com.br\/noticia\/wp-json\/wp\/v2\/media\/38940"}],"wp:attachment":[{"href":"https:\/\/www.redenoticia.com.br\/noticia\/wp-json\/wp\/v2\/media?parent=39303"}],"wp:term":[{"taxonomy":"category","embeddable":true,"href":"https:\/\/www.redenoticia.com.br\/noticia\/wp-json\/wp\/v2\/categories?post=39303"},{"taxonomy":"post_tag","embeddable":true,"href":"https:\/\/www.redenoticia.com.br\/noticia\/wp-json\/wp\/v2\/tags?post=39303"}],"curies":[{"name":"wp","href":"https:\/\/api.w.org\/{rel}","templated":true}]}}