{"id":39292,"date":"2012-05-31T15:37:42","date_gmt":"2012-05-31T18:37:42","guid":{"rendered":"http:\/\/www.redenoticia.com.br\/noticia\/?p=39292"},"modified":"2012-05-31T15:37:42","modified_gmt":"2012-05-31T18:37:42","slug":"reducao-de-juros-do-programa-caixa-melhor-credito","status":"publish","type":"post","link":"https:\/\/www.redenoticia.com.br\/noticia\/2012\/reducao-de-juros-do-programa-caixa-melhor-credito\/39292","title":{"rendered":"Redu\u00e7\u00e3o de juros do Programa Caixa Melhor Cr\u00e9dito"},"content":{"rendered":"<p><img loading=\"lazy\" decoding=\"async\" class=\"alignleft size-full wp-image-34928\" title=\"caixa\" src=\"https:\/\/www.redenoticia.com.br\/noticia\/imagens\/caixa.jpg\" alt=\"\" width=\"300\" height=\"193\" srcset=\"https:\/\/www.redenoticia.com.br\/noticia\/imagens\/caixa.jpg 300w, https:\/\/www.redenoticia.com.br\/noticia\/imagens\/caixa-250x160.jpg 250w, https:\/\/www.redenoticia.com.br\/noticia\/imagens\/caixa-150x96.jpg 150w\" sizes=\"auto, (max-width: 300px) 100vw, 300px\" \/>Em continuidade ao Programa <em><strong>Caixa<\/strong><\/em> Melhor Cr\u00e9dito, que visa \u00e0 democratiza\u00e7\u00e3o do acesso ao cr\u00e9dito \u00e0s fam\u00edlias brasileiras e melhores condi\u00e7\u00f5es de financiamento para as empresas, a CAIXA anunciou hoje (31) mais uma redu\u00e7\u00e3o de taxas de juros de suas opera\u00e7\u00f5es de cr\u00e9dito.<\/p>\n<p>A medida foi influenciada pela divulga\u00e7\u00e3o pelo Comit\u00ea de Pol\u00edtica Monet\u00e1ria (Copom) da redu\u00e7\u00e3o da Selic em 0,50 ponto percentual, para 8,50% a.a.<\/p>\n<p>O cr\u00e9dito Consignado para funcion\u00e1rios p\u00fablicos e empregados de empresas que possuem conv\u00eanio com a CAIXA teve redu\u00e7\u00e3o da taxa m\u00e1xima de 1,95% a.m. para 1,67% a.m., o que representa queda de 15,69 % na taxa anual.<\/p>\n<p>Para os aposentados e pensionistas do INSS, a taxa m\u00e1xima foi reduzida de 1,77% a.m. para 1,67% a.m., sendo a taxa m\u00ednima de 0,75% a.m. No caso do INSS, a taxa m\u00e1xima permitida pelo \u00f3rg\u00e3o \u00e9 de 2,14% a.m.<\/p>\n<p>No Cart\u00e3o Azul, destinado a clientes que recebem sal\u00e1rio na CAIXA, a taxa do Parcelado com Juros foi reduzida de 1,99% a.m. para 0,89% a.m. (redu\u00e7\u00e3o de 57,94% na taxa anual). Para todos os demais cart\u00f5es, as taxas que variavam de 4,85% a 1,99% foram reduzidas para uma taxa \u00fanica de 1,90% a.m. (redu\u00e7\u00e3o anual de at\u00e9 66,89%).<\/p>\n<p>A linha de Parcelamento de Fatura para todos os cart\u00f5es de cr\u00e9dito, que j\u00e1 contava com taxas a partir de 1,95% a.m., teve seu prazo ampliado de 24 para 36 vezes.<\/p>\n<p>As novas taxas para os cart\u00f5es de cr\u00e9dito passam a valer a partir de sexta-feira (1), enquanto que para os demais produtos para pessoa f\u00edsica a vig\u00eancia ser\u00e1 a partir da pr\u00f3xima segunda-feira (4).<\/p>\n<p>As novas redu\u00e7\u00f5es de taxas de juros beneficiar\u00e3o, tamb\u00e9m, todos os segmentos empresariais.<\/p>\n<p>No segmento micro e pequenas empresas, as taxas m\u00ednima e m\u00e1xima para financiamento de ve\u00edculos novos passaram de 1,47 a 1,88% a.m. para 0,75% a 1,61% a.m. (redu\u00e7\u00e3o em at\u00e9 50,99% na taxa anual). Para ve\u00edculos usados, as taxas passam de 1,50 a 1,95% a.m. para 1,20 a 1,68% a.m. (redu\u00e7\u00e3o em at\u00e9 21,33 % na taxa anual).<\/p>\n<p>O segmento de m\u00e9dias e grandes empresas, para o qual as taxas de juros para financiamento de ve\u00edculos novos estavam entre 1,23 a 1,86% a.m., teve suas taxas de juros reduzidas para a faixa de 0,72 a 1,60% a.m. (redu\u00e7\u00e3o em at\u00e9 43,10% na taxa anual). Ve\u00edculos pesados &#8211; \u00f4nibus e caminh\u00f5es &#8211; passar\u00e3o a ser financiados com taxa de 5,5% a.a. no programa BNDES FINAME PSI para empresas de todos os portes, sendo que a taxa anterior era de 7,7% a.a.<br \/>\nNa linha de cr\u00e9dito para capital de giro parcelado, as m\u00e9dias e grandes empresas, quando contratarem opera\u00e7\u00f5es superiores a R$ 1 milh\u00e3o, ter\u00e3o suas taxas reduzidas de 1,28% a 4,01% a.m. para a faixa de 1,05% a 3,40% a.m. (redu\u00e7\u00e3o de 19,01% na taxa anual). As opera\u00e7\u00f5es de cr\u00e9dito de valores inferiores a R$ 1 milh\u00e3o continuam sendo financiadas pela CAIXA a uma taxa de juros de 0,94% a.m, uma das melhores do mercado.<\/p>\n","protected":false},"excerpt":{"rendered":"<p>Em continuidade ao Programa Caixa Melhor Cr\u00e9dito, que visa \u00e0 democratiza\u00e7\u00e3o do acesso ao cr\u00e9dito \u00e0s fam\u00edlias brasileiras e melhores condi\u00e7\u00f5es de financiamento para as empresas, a CAIXA anunciou hoje (31) mais uma redu\u00e7\u00e3o de taxas de juros de suas opera\u00e7\u00f5es de cr\u00e9dito. A medida foi influenciada pela divulga\u00e7\u00e3o pelo Comit\u00ea de Pol\u00edtica Monet\u00e1ria (Copom) [&hellip;]<\/p>\n","protected":false},"author":3,"featured_media":34928,"comment_status":"open","ping_status":"closed","sticky":false,"template":"","format":"standard","meta":{"_genesis_hide_title":false,"_genesis_hide_breadcrumbs":false,"_genesis_hide_singular_image":false,"_genesis_hide_footer_widgets":false,"_genesis_custom_body_class":"","_genesis_custom_post_class":"","_genesis_layout":"","_jetpack_memberships_contains_paid_content":false,"footnotes":""},"categories":[22,7],"tags":[],"class_list":{"0":"post-39292","1":"post","2":"type-post","3":"status-publish","4":"format-standard","5":"has-post-thumbnail","7":"category-brasil","8":"category-economia","9":"entry","10":"gs-1","11":"gs-odd","12":"gs-even","13":"gs-featured-content-entry"},"jetpack_featured_media_url":"https:\/\/www.redenoticia.com.br\/noticia\/imagens\/caixa.jpg","jetpack_sharing_enabled":true,"jetpack_likes_enabled":true,"_links":{"self":[{"href":"https:\/\/www.redenoticia.com.br\/noticia\/wp-json\/wp\/v2\/posts\/39292","targetHints":{"allow":["GET"]}}],"collection":[{"href":"https:\/\/www.redenoticia.com.br\/noticia\/wp-json\/wp\/v2\/posts"}],"about":[{"href":"https:\/\/www.redenoticia.com.br\/noticia\/wp-json\/wp\/v2\/types\/post"}],"author":[{"embeddable":true,"href":"https:\/\/www.redenoticia.com.br\/noticia\/wp-json\/wp\/v2\/users\/3"}],"replies":[{"embeddable":true,"href":"https:\/\/www.redenoticia.com.br\/noticia\/wp-json\/wp\/v2\/comments?post=39292"}],"version-history":[{"count":0,"href":"https:\/\/www.redenoticia.com.br\/noticia\/wp-json\/wp\/v2\/posts\/39292\/revisions"}],"wp:featuredmedia":[{"embeddable":true,"href":"https:\/\/www.redenoticia.com.br\/noticia\/wp-json\/wp\/v2\/media\/34928"}],"wp:attachment":[{"href":"https:\/\/www.redenoticia.com.br\/noticia\/wp-json\/wp\/v2\/media?parent=39292"}],"wp:term":[{"taxonomy":"category","embeddable":true,"href":"https:\/\/www.redenoticia.com.br\/noticia\/wp-json\/wp\/v2\/categories?post=39292"},{"taxonomy":"post_tag","embeddable":true,"href":"https:\/\/www.redenoticia.com.br\/noticia\/wp-json\/wp\/v2\/tags?post=39292"}],"curies":[{"name":"wp","href":"https:\/\/api.w.org\/{rel}","templated":true}]}}