{"id":39278,"date":"2012-05-30T20:03:44","date_gmt":"2012-05-30T23:03:44","guid":{"rendered":"http:\/\/www.redenoticia.com.br\/noticia\/?p=39278"},"modified":"2012-05-30T20:03:46","modified_gmt":"2012-05-30T23:03:46","slug":"superavit-primario-forte-da-espaco-para-governo-estimular-a-economia","status":"publish","type":"post","link":"https:\/\/www.redenoticia.com.br\/noticia\/2012\/superavit-primario-forte-da-espaco-para-governo-estimular-a-economia\/39278","title":{"rendered":"Super\u00e1vit prim\u00e1rio forte d\u00e1 espa\u00e7o para governo estimular a economia"},"content":{"rendered":"<p><a href=\"https:\/\/www.redenoticia.com.br\/noticia\/2012\/38939\/38939\/grafico\" rel=\"attachment wp-att-38940\"><img loading=\"lazy\" decoding=\"async\" class=\"alignleft size-full wp-image-38940\" title=\"grafico\" src=\"https:\/\/www.redenoticia.com.br\/noticia\/imagens\/grafico.jpg\" alt=\"\" width=\"300\" height=\"193\" srcset=\"https:\/\/www.redenoticia.com.br\/noticia\/imagens\/grafico.jpg 300w, https:\/\/www.redenoticia.com.br\/noticia\/imagens\/grafico-250x160.jpg 250w, https:\/\/www.redenoticia.com.br\/noticia\/imagens\/grafico-150x96.jpg 150w\" sizes=\"auto, (max-width: 300px) 100vw, 300px\" \/><\/a>Bras\u00edlia \u2013 O esfor\u00e7o fiscal atingido nos primeiros meses do ano deu espa\u00e7o para o governo agir para estimular a <strong><em>economia<\/em><\/strong> caso a crise na Europa se agrave, disse hoje (30) o secret\u00e1rio do Tesouro Nacional, Arno Augustin. Segundo ele, o super\u00e1vit prim\u00e1rio (economia para pagar os juros da d\u00edvida p\u00fablica) de R$ 45 bilh\u00f5es do <strong><em>Governo Central<\/em><\/strong> \u2013 Tesouro Nacional, Previd\u00eancia Social e Banco Central \u2013 entre janeiro e abril, quase equivalente \u00e0 meta de R$ 45,9 bilh\u00f5es estipulada para o per\u00edodo de janeiro a agosto, fortalece o Brasil para enfrentar as turbul\u00eancias internacionais.<\/p>\n<p>\u201cSe no in\u00edcio do ano economizamos mais, temos espa\u00e7o, agora, para executar as a\u00e7\u00f5es necess\u00e1rias para dar impulso \u00e0 economia\u201d, disse o secret\u00e1rio. \u201cA crise na Europa \u00e9 de natureza fiscal. Com o super\u00e1vit elevado, o Brasil mostra que est\u00e1 forte por esse lado.\u201d<\/p>\n<p>Segundo Augustin, o esfor\u00e7o fiscal elevado ajuda o governo a estimular a economia de duas formas. Em primeiro lugar, abre espa\u00e7o para a pol\u00edtica monet\u00e1ria, permitindo ao Banco Central continuar com a redu\u00e7\u00e3o dos juros b\u00e1sicos. Al\u00e9m disso, o super\u00e1vit prim\u00e1rio d\u00e1 condi\u00e7\u00f5es para o governo promover desonera\u00e7\u00f5es para estimular setores da economia, como ocorreu com a redu\u00e7\u00e3o de Imposto sobre Produtos Industrializados (IPI) para os autom\u00f3veis, anunciada na semana passada.<\/p>\n<p>Apesar de n\u00e3o descartar novas medidas para estimular a economia, o secret\u00e1rio do Tesouro disse que o governo pretende cumprir integralmente a meta de R$ 96,9 bilh\u00f5es de super\u00e1vit prim\u00e1rio estabelecida para o Governo Central em 2012, sem recorrer a mecanismos que permitem o abatimento de gastos do Programa de Acelera\u00e7\u00e3o do Crescimento (PAC). \u201cEstamos buscando manter o super\u00e1vit prim\u00e1rio e ativar a economia da melhor forma poss\u00edvel, e isso n\u00e3o \u00e9 contradit\u00f3rio\u201d, declarou.<\/p>\n<p>De acordo com Augustin, a equipe econ\u00f4mica pode recorrer aos dividendos de estatais (parte dos lucros que essas empresas repassam ao Tesouro), aos\u00a0royalties\u00a0do petr\u00f3leo e \u00e0s receitas com os leil\u00f5es da telefonia para refor\u00e7ar o caixa caso a arrecada\u00e7\u00e3o venha a ser fortemente atingida pela crise. Somente neste ano, o Tesouro espera receber R$ 23,5 bilh\u00f5es em dividendos, dos quais pouco mais de R$ 5 bilh\u00f5es foram pagos nos quatro primeiros meses do ano.<\/p>\n<p>O secret\u00e1rio, no entanto, admitiu que o super\u00e1vit prim\u00e1rio s\u00f3 poder\u00e1 ser mantido se a conjuntura na economia internacional n\u00e3o sofrer grandes modifica\u00e7\u00f5es. \u201cPara o cen\u00e1rio de hoje, temos tranquilidade no prim\u00e1rio. Se houver uma hecatombe [na Europa], reavaliaremos a situa\u00e7\u00e3o\u201d, ressaltou.<\/p>\n<p>Wellton M\u00e1ximo<br \/>\nRep\u00f3rter da Ag\u00eancia Brasil<\/p>\n<p>Edi\u00e7\u00e3o: Lana Cristina<\/p>\n","protected":false},"excerpt":{"rendered":"<p>Bras\u00edlia \u2013 O esfor\u00e7o fiscal atingido nos primeiros meses do ano deu espa\u00e7o para o governo agir para estimular a economia caso a crise na Europa se agrave, disse hoje (30) o secret\u00e1rio do Tesouro Nacional, Arno Augustin. Segundo ele, o super\u00e1vit prim\u00e1rio (economia para pagar os juros da d\u00edvida p\u00fablica) de R$ 45 bilh\u00f5es [&hellip;]<\/p>\n","protected":false},"author":5,"featured_media":38940,"comment_status":"open","ping_status":"closed","sticky":false,"template":"","format":"standard","meta":{"_genesis_hide_title":false,"_genesis_hide_breadcrumbs":false,"_genesis_hide_singular_image":false,"_genesis_hide_footer_widgets":false,"_genesis_custom_body_class":"","_genesis_custom_post_class":"","_genesis_layout":"","_jetpack_memberships_contains_paid_content":false,"footnotes":""},"categories":[22,7],"tags":[],"class_list":{"0":"post-39278","1":"post","2":"type-post","3":"status-publish","4":"format-standard","5":"has-post-thumbnail","7":"category-brasil","8":"category-economia","9":"entry","10":"gs-1","11":"gs-odd","12":"gs-even","13":"gs-featured-content-entry"},"jetpack_featured_media_url":"https:\/\/www.redenoticia.com.br\/noticia\/imagens\/grafico.jpg","jetpack_sharing_enabled":true,"jetpack_likes_enabled":true,"_links":{"self":[{"href":"https:\/\/www.redenoticia.com.br\/noticia\/wp-json\/wp\/v2\/posts\/39278","targetHints":{"allow":["GET"]}}],"collection":[{"href":"https:\/\/www.redenoticia.com.br\/noticia\/wp-json\/wp\/v2\/posts"}],"about":[{"href":"https:\/\/www.redenoticia.com.br\/noticia\/wp-json\/wp\/v2\/types\/post"}],"author":[{"embeddable":true,"href":"https:\/\/www.redenoticia.com.br\/noticia\/wp-json\/wp\/v2\/users\/5"}],"replies":[{"embeddable":true,"href":"https:\/\/www.redenoticia.com.br\/noticia\/wp-json\/wp\/v2\/comments?post=39278"}],"version-history":[{"count":0,"href":"https:\/\/www.redenoticia.com.br\/noticia\/wp-json\/wp\/v2\/posts\/39278\/revisions"}],"wp:featuredmedia":[{"embeddable":true,"href":"https:\/\/www.redenoticia.com.br\/noticia\/wp-json\/wp\/v2\/media\/38940"}],"wp:attachment":[{"href":"https:\/\/www.redenoticia.com.br\/noticia\/wp-json\/wp\/v2\/media?parent=39278"}],"wp:term":[{"taxonomy":"category","embeddable":true,"href":"https:\/\/www.redenoticia.com.br\/noticia\/wp-json\/wp\/v2\/categories?post=39278"},{"taxonomy":"post_tag","embeddable":true,"href":"https:\/\/www.redenoticia.com.br\/noticia\/wp-json\/wp\/v2\/tags?post=39278"}],"curies":[{"name":"wp","href":"https:\/\/api.w.org\/{rel}","templated":true}]}}