{"id":39274,"date":"2012-05-30T19:56:00","date_gmt":"2012-05-30T22:56:00","guid":{"rendered":"http:\/\/www.redenoticia.com.br\/noticia\/?p=39274"},"modified":"2012-05-30T19:56:02","modified_gmt":"2012-05-30T22:56:02","slug":"com-mudancas-em-reuniao-copom-define-hoje-nova-taxa-basica-de-juros","status":"publish","type":"post","link":"https:\/\/www.redenoticia.com.br\/noticia\/2012\/com-mudancas-em-reuniao-copom-define-hoje-nova-taxa-basica-de-juros\/39274","title":{"rendered":"Com mudan\u00e7as em reuni\u00e3o, Copom define hoje nova taxa b\u00e1sica de juros"},"content":{"rendered":"<p><a href=\"https:\/\/www.redenoticia.com.br\/noticia\/2012\/diretor-do-bc-diz-que-queda-dos-juros-tambem-reflete-esforco-de-levar-a-inflacao-para-o-centro-da-meta\/39050\/economia-2\" rel=\"attachment wp-att-38938\"><img loading=\"lazy\" decoding=\"async\" class=\"alignleft size-full wp-image-38938\" title=\"economia\" src=\"https:\/\/www.redenoticia.com.br\/noticia\/imagens\/economia1.jpg\" alt=\"\" width=\"300\" height=\"193\" srcset=\"https:\/\/www.redenoticia.com.br\/noticia\/imagens\/economia1.jpg 300w, https:\/\/www.redenoticia.com.br\/noticia\/imagens\/economia1-250x160.jpg 250w, https:\/\/www.redenoticia.com.br\/noticia\/imagens\/economia1-150x96.jpg 150w\" sizes=\"auto, (max-width: 300px) 100vw, 300px\" \/><\/a>Bras\u00edlia &#8211; O Comit\u00ea de Pol\u00edtica Monet\u00e1ria (Copom) do <strong><em>Banco Central<\/em><\/strong> (BC) define\u00a0hoje (30)\u00a0a taxa b\u00e1sica de juros, a <strong>Selic<\/strong>, com algumas novidades na reuni\u00e3o em rela\u00e7\u00e3o \u00e0s anteriores. Se a taxa Selic chegar ao menor n\u00edvel hist\u00f3rico\u00a0\u2013 8,5% ao ano \u2013,\u00a0<a href=\"http:\/\/agenciabrasil.ebc.com.br\/noticia\/2012-05-28\/mercado-financeiro-estima-menor-crescimento-economico-e-corte-de-05-ponto-percentual-na-selic\" target=\"_blank\">como preveem analistas do mercado financeiro<\/a>, a altera\u00e7\u00e3o ter\u00e1 um impacto direto para os quase\u00a0<a href=\"http:\/\/agenciabrasil.ebc.com.br\/noticia\/2012-05-03\/formada-em-sua-maioria-por-pequenos-depositos-poupanca-vira-foco-da-politica-monetaria\">100 milh\u00f5es de pessoas\u00a0<\/a>que t\u00eam poupan\u00e7a. Atualmente, a Selic est\u00e1 em 9% ao ano. O menor n\u00edvel registrado at\u00e9 hoje foi 8,75% ao ano, entre 23 julho de 2009 e 28 abril de 2010.<\/p>\n<p>A\u00a0<a href=\"http:\/\/agenciabrasil.ebc.com.br\/noticia\/2012-05-04\/diario-oficial-publica-mp-que-altera-regras-para-novos-depositos-na-caderneta-de-poupanca\" target=\"_blank\">Medida Provis\u00f3ria 567<\/a>, v\u00e1lida desde o dia 4 deste m\u00eas, estabeleceu que, sempre que a Selic estiver menor ou igual a 8,5% ao ano, a forma de remunera\u00e7\u00e3o muda. Nesse caso, os dep\u00f3sitos ser\u00e3o corrigidos por 70% da taxa Selic mais a Taxa Referencial (TR), calculada todos os dias pelo Banco Central (BC). Atualmente, a regra \u00e9 a TR mais 0,5% ao m\u00eas.<\/p>\n<p>Caso a Selic realmente passe a ser 8,5%, os depositantes v\u00e3o passar a receber 5,95% ao ano de remunera\u00e7\u00e3o. Pela regra antiga, a remunera\u00e7\u00e3o anual \u00e9 6,17%. Ou seja, os dep\u00f3sitos feitos at\u00e9 hoje v\u00e3o ter remunera\u00e7\u00e3o maior do que as novas aplica\u00e7\u00f5es. Assim, os dep\u00f3sitos feitos a partir de amanh\u00e3 ser\u00e3o remunerados de acordo com as novas regras.<\/p>\n<p>Outra novidade para a reuni\u00e3o de hoje \u00e9 a\u00a0<a href=\"http:\/\/agenciabrasil.ebc.com.br\/noticia\/2012-05-16\/bc-vai-acabar-com-segredo-sobre-os-votos-do-copom\">divulga\u00e7\u00e3o do voto dos diretores<\/a>. Por exemplo, se um diretor optar por um corte de 0,5 ponto percentual e os demais por 0,75 ponto percentual, essas informa\u00e7\u00f5es estar\u00e3o no comunicado do resultado da reuni\u00e3o, com o nome e as escolhas de cada um. At\u00e9 hoje, o BC informava apenas o placar da vota\u00e7\u00e3o. A novidade est\u00e1 em conformidade com a Lei de Acesso \u00e0 Informa\u00e7\u00e3o, que entrou em vigor este m\u00eas.<\/p>\n<p>A segunda parte da reuni\u00e3o do Copom ser\u00e1 realizada hoje \u00e0 tarde e o an\u00fancio da nova taxa Selic ser\u00e1 feito \u00e0 noite, ap\u00f3s o fechamento do mercado.<\/p>\n<p>Kelly Oliveira<br \/>\nRep\u00f3rter da Ag\u00eancia Brasil<\/p>\n<p>Edi\u00e7\u00e3o: Juliana Andrade<\/p>\n","protected":false},"excerpt":{"rendered":"<p>Bras\u00edlia &#8211; O Comit\u00ea de Pol\u00edtica Monet\u00e1ria (Copom) do Banco Central (BC) define\u00a0hoje (30)\u00a0a taxa b\u00e1sica de juros, a Selic, com algumas novidades na reuni\u00e3o em rela\u00e7\u00e3o \u00e0s anteriores. Se a taxa Selic chegar ao menor n\u00edvel hist\u00f3rico\u00a0\u2013 8,5% ao ano \u2013,\u00a0como preveem analistas do mercado financeiro, a altera\u00e7\u00e3o ter\u00e1 um impacto direto para os [&hellip;]<\/p>\n","protected":false},"author":5,"featured_media":38938,"comment_status":"open","ping_status":"closed","sticky":false,"template":"","format":"standard","meta":{"_genesis_hide_title":false,"_genesis_hide_breadcrumbs":false,"_genesis_hide_singular_image":false,"_genesis_hide_footer_widgets":false,"_genesis_custom_body_class":"","_genesis_custom_post_class":"","_genesis_layout":"","_jetpack_memberships_contains_paid_content":false,"footnotes":""},"categories":[22,7],"tags":[],"class_list":{"0":"post-39274","1":"post","2":"type-post","3":"status-publish","4":"format-standard","5":"has-post-thumbnail","7":"category-brasil","8":"category-economia","9":"entry","10":"gs-1","11":"gs-odd","12":"gs-even","13":"gs-featured-content-entry"},"jetpack_featured_media_url":"https:\/\/www.redenoticia.com.br\/noticia\/imagens\/economia1.jpg","jetpack_sharing_enabled":true,"jetpack_likes_enabled":true,"_links":{"self":[{"href":"https:\/\/www.redenoticia.com.br\/noticia\/wp-json\/wp\/v2\/posts\/39274","targetHints":{"allow":["GET"]}}],"collection":[{"href":"https:\/\/www.redenoticia.com.br\/noticia\/wp-json\/wp\/v2\/posts"}],"about":[{"href":"https:\/\/www.redenoticia.com.br\/noticia\/wp-json\/wp\/v2\/types\/post"}],"author":[{"embeddable":true,"href":"https:\/\/www.redenoticia.com.br\/noticia\/wp-json\/wp\/v2\/users\/5"}],"replies":[{"embeddable":true,"href":"https:\/\/www.redenoticia.com.br\/noticia\/wp-json\/wp\/v2\/comments?post=39274"}],"version-history":[{"count":0,"href":"https:\/\/www.redenoticia.com.br\/noticia\/wp-json\/wp\/v2\/posts\/39274\/revisions"}],"wp:featuredmedia":[{"embeddable":true,"href":"https:\/\/www.redenoticia.com.br\/noticia\/wp-json\/wp\/v2\/media\/38938"}],"wp:attachment":[{"href":"https:\/\/www.redenoticia.com.br\/noticia\/wp-json\/wp\/v2\/media?parent=39274"}],"wp:term":[{"taxonomy":"category","embeddable":true,"href":"https:\/\/www.redenoticia.com.br\/noticia\/wp-json\/wp\/v2\/categories?post=39274"},{"taxonomy":"post_tag","embeddable":true,"href":"https:\/\/www.redenoticia.com.br\/noticia\/wp-json\/wp\/v2\/tags?post=39274"}],"curies":[{"name":"wp","href":"https:\/\/api.w.org\/{rel}","templated":true}]}}