{"id":39250,"date":"2012-05-28T18:56:56","date_gmt":"2012-05-28T21:56:56","guid":{"rendered":"http:\/\/www.redenoticia.com.br\/noticia\/?p=39250"},"modified":"2012-05-28T18:56:58","modified_gmt":"2012-05-28T21:56:58","slug":"mercado-financeiro-estima-menor-crescimento-economico-e-corte-de-05-ponto-percentual-na-selic","status":"publish","type":"post","link":"https:\/\/www.redenoticia.com.br\/noticia\/2012\/mercado-financeiro-estima-menor-crescimento-economico-e-corte-de-05-ponto-percentual-na-selic\/39250","title":{"rendered":"Mercado financeiro estima menor crescimento econ\u00f4mico e corte de 0,5 ponto percentual na Selic"},"content":{"rendered":"<p><a href=\"https:\/\/www.redenoticia.com.br\/noticia\/2011\/inflacao-semanal-sobe-em-6-das-7-capitais-pesquisadas-pela-fgv\/34915\/inflacao\" rel=\"attachment wp-att-34916\"><img loading=\"lazy\" decoding=\"async\" class=\"alignleft size-full wp-image-34916\" title=\"inflacao\" src=\"https:\/\/www.redenoticia.com.br\/noticia\/imagens\/inflacao.jpg\" alt=\"\" width=\"300\" height=\"193\" srcset=\"https:\/\/www.redenoticia.com.br\/noticia\/imagens\/inflacao.jpg 300w, https:\/\/www.redenoticia.com.br\/noticia\/imagens\/inflacao-250x160.jpg 250w, https:\/\/www.redenoticia.com.br\/noticia\/imagens\/inflacao-150x96.jpg 150w\" sizes=\"auto, (max-width: 300px) 100vw, 300px\" \/><\/a>Bras\u00edlia &#8211; Analistas do mercado financeiro consultados pelo <strong><em>Banco Central<\/em><\/strong> (BC) esperam redu\u00e7\u00e3o de 0,5 ponto percentual na taxa b\u00e1sica de <strong><em>juros<\/em><\/strong>, a Selic. O Comit\u00ea de Pol\u00edtica Monet\u00e1ria (Copom) do BC re\u00fane-se amanh\u00e3 e quarta-feira (30) para definir a Selic, que atualmente est\u00e1 em 9% ao ano.<\/p>\n<p>Ap\u00f3s esse corte, os analistas esperam mais uma redu\u00e7\u00e3o de 0,5 ponto percentual. Assim, a Selic ficaria em 8% ao ano, de acordo com a previs\u00e3o. Neste ano, o Copom j\u00e1 reduziu a Selic em 2 pontos percentuais. Para o final de 2013, permanece a expectativa de 9,5% ao ano.<\/p>\n<p>De acordo com as expectativas dos analistas, a infla\u00e7\u00e3o medida pelo \u00cdndice Nacional de Pre\u00e7os ao Consumidor Amplo (IPCA) deve ficar, tanto neste ano como no pr\u00f3ximo, acima do centro da meta de 4,5%, mas abaixo do limite superior de 6,5%. Para este ano, a previs\u00e3o passou de 5,21% para 5,17%. Para 2013, a proje\u00e7\u00e3o para o IPCA permanece em 5,6%.<\/p>\n<p>A pesquisa do BC tamb\u00e9m mostra a expectativa de redu\u00e7\u00e3o do ritmo de crescimento da economia. A proje\u00e7\u00e3o para a expans\u00e3o do Produto Interno Bruto (PIB), soma de todos os bens e servi\u00e7os produzidos no pa\u00eds, caiu de 3,09% para 2,99%, este ano. Para 2013, foi mantida a proje\u00e7\u00e3o de 4,5%.<\/p>\n<p>Por causa desse cen\u00e1rio de menor crescimento, os analistas esperam redu\u00e7\u00e3o da taxa b\u00e1sica de juros, como forma de estimular a economia.<\/p>\n<p>Al\u00e9m desse efeito de est\u00edmulo \u00e0 economia, a Selic passou tamb\u00e9m a influenciar na remunera\u00e7\u00e3o da caderneta de poupan\u00e7a. Caso a taxa b\u00e1sica seja realmente reduzida para 8,5% ao ano, passa a valer, a partir de 31 deste m\u00eas, a nova regra de remunera\u00e7\u00e3o da poupan\u00e7a. A\u00a0<a href=\"http:\/\/agenciabrasil.ebc.com.br\/noticia\/2012-05-04\/diario-oficial-publica-mp-que-altera-regras-para-novos-depositos-na-caderneta-de-poupanca\" target=\"_blank\">Medida Provis\u00f3ria 567<\/a>, v\u00e1lida desde o dia 4 deste m\u00eas, estabeleceu que, sempre que a Selic estiver menor ou igual a 8,5% ao ano, a forma de remunera\u00e7\u00e3o muda. Nesse caso, os dep\u00f3sitos ser\u00e3o corrigidos por 70% da taxa Selic mais a Taxa Referencial (TR). Atualmente, a regra \u00e9 a TR mais 0,5% ao m\u00eas.<\/p>\n<p>Kelly Oliveira<br \/>\nRep\u00f3rter da Ag\u00eancia Brasil<\/p>\n<p>Edi\u00e7\u00e3o: Juliana Andrade<\/p>\n","protected":false},"excerpt":{"rendered":"<p>Bras\u00edlia &#8211; Analistas do mercado financeiro consultados pelo Banco Central (BC) esperam redu\u00e7\u00e3o de 0,5 ponto percentual na taxa b\u00e1sica de juros, a Selic. O Comit\u00ea de Pol\u00edtica Monet\u00e1ria (Copom) do BC re\u00fane-se amanh\u00e3 e quarta-feira (30) para definir a Selic, que atualmente est\u00e1 em 9% ao ano. Ap\u00f3s esse corte, os analistas esperam mais [&hellip;]<\/p>\n","protected":false},"author":5,"featured_media":34916,"comment_status":"open","ping_status":"closed","sticky":false,"template":"","format":"standard","meta":{"_genesis_hide_title":false,"_genesis_hide_breadcrumbs":false,"_genesis_hide_singular_image":false,"_genesis_hide_footer_widgets":false,"_genesis_custom_body_class":"","_genesis_custom_post_class":"","_genesis_layout":"","_jetpack_memberships_contains_paid_content":false,"footnotes":""},"categories":[22,7],"tags":[],"class_list":{"0":"post-39250","1":"post","2":"type-post","3":"status-publish","4":"format-standard","5":"has-post-thumbnail","7":"category-brasil","8":"category-economia","9":"entry","10":"gs-1","11":"gs-odd","12":"gs-even","13":"gs-featured-content-entry"},"jetpack_featured_media_url":"https:\/\/www.redenoticia.com.br\/noticia\/imagens\/inflacao.jpg","jetpack_sharing_enabled":true,"jetpack_likes_enabled":true,"_links":{"self":[{"href":"https:\/\/www.redenoticia.com.br\/noticia\/wp-json\/wp\/v2\/posts\/39250","targetHints":{"allow":["GET"]}}],"collection":[{"href":"https:\/\/www.redenoticia.com.br\/noticia\/wp-json\/wp\/v2\/posts"}],"about":[{"href":"https:\/\/www.redenoticia.com.br\/noticia\/wp-json\/wp\/v2\/types\/post"}],"author":[{"embeddable":true,"href":"https:\/\/www.redenoticia.com.br\/noticia\/wp-json\/wp\/v2\/users\/5"}],"replies":[{"embeddable":true,"href":"https:\/\/www.redenoticia.com.br\/noticia\/wp-json\/wp\/v2\/comments?post=39250"}],"version-history":[{"count":0,"href":"https:\/\/www.redenoticia.com.br\/noticia\/wp-json\/wp\/v2\/posts\/39250\/revisions"}],"wp:featuredmedia":[{"embeddable":true,"href":"https:\/\/www.redenoticia.com.br\/noticia\/wp-json\/wp\/v2\/media\/34916"}],"wp:attachment":[{"href":"https:\/\/www.redenoticia.com.br\/noticia\/wp-json\/wp\/v2\/media?parent=39250"}],"wp:term":[{"taxonomy":"category","embeddable":true,"href":"https:\/\/www.redenoticia.com.br\/noticia\/wp-json\/wp\/v2\/categories?post=39250"},{"taxonomy":"post_tag","embeddable":true,"href":"https:\/\/www.redenoticia.com.br\/noticia\/wp-json\/wp\/v2\/tags?post=39250"}],"curies":[{"name":"wp","href":"https:\/\/api.w.org\/{rel}","templated":true}]}}