{"id":39247,"date":"2012-05-28T18:51:56","date_gmt":"2012-05-28T21:51:56","guid":{"rendered":"http:\/\/www.redenoticia.com.br\/noticia\/?p=39247"},"modified":"2012-05-28T18:51:58","modified_gmt":"2012-05-28T21:51:58","slug":"bc-amplia-financiamento-para-obras-de-saneamento-e-mobilidade-urbana","status":"publish","type":"post","link":"https:\/\/www.redenoticia.com.br\/noticia\/2012\/bc-amplia-financiamento-para-obras-de-saneamento-e-mobilidade-urbana\/39247","title":{"rendered":"BC amplia financiamento para obras de saneamento e mobilidade urbana"},"content":{"rendered":"<p><a href=\"https:\/\/www.redenoticia.com.br\/noticia\/2012\/38939\/38939\/grafico\" rel=\"attachment wp-att-38940\"><img loading=\"lazy\" decoding=\"async\" class=\"alignleft size-full wp-image-38940\" title=\"grafico\" src=\"https:\/\/www.redenoticia.com.br\/noticia\/imagens\/grafico.jpg\" alt=\"\" width=\"300\" height=\"193\" srcset=\"https:\/\/www.redenoticia.com.br\/noticia\/imagens\/grafico.jpg 300w, https:\/\/www.redenoticia.com.br\/noticia\/imagens\/grafico-250x160.jpg 250w, https:\/\/www.redenoticia.com.br\/noticia\/imagens\/grafico-150x96.jpg 150w\" sizes=\"auto, (max-width: 300px) 100vw, 300px\" \/><\/a>Bras\u00edlia &#8211; O\u00a0Di\u00e1rio Oficial da Uni\u00e3o\u00a0publica hoje (28) a\u00a0<a href=\"http:\/\/www.in.gov.br\/imprensa\/visualiza\/index.jsp?jornal=1&amp;pagina=26&amp;data=28\/05\/2012\" rel=\"nofollow\" target=\"_blank\">resolu\u00e7\u00e3o<\/a>\u00a0do <strong><em>Banco Central<\/em><\/strong> que amplia de R$ 18,1 bilh\u00f5es para R$ 19,2 bilh\u00f5es o limite de cr\u00e9dito das opera\u00e7\u00f5es destinadas a obras de saneamento b\u00e1sico no \u00e2mbito do Programa de Acelera\u00e7\u00e3o do Crescimento (<strong><em>PAC<\/em><\/strong>).<\/p>\n<p>A resolu\u00e7\u00e3o foi aprovada em reuni\u00e3o do Conselho Monet\u00e1rio Nacional (CMN), na semana passada. Os recursos s\u00e3o do Banco Nacional de Desenvolvimento Econ\u00f4mico e Social (BNDES), com financiamento do Fundo de Amparo ao Trabalhador (FAT) e do Fundo de Garantia do Tempo de Servi\u00e7o (FGTS).<\/p>\n<p>De acordo com o Minist\u00e9rio da Fazenda, o acr\u00e9scimo de R$ 1,1 bilh\u00e3o vai beneficiar projetos novos aprovados em 2011, abrangendo 124 munic\u00edpios com at\u00e9 50 mil habitantes selecionados pelo Comit\u00ea Gestor do PAC.<\/p>\n<p>Todas as opera\u00e7\u00f5es com as institui\u00e7\u00f5es financeiras\u00a0a serem realizadas pelos munic\u00edpios selecionados passar\u00e3o por an\u00e1lise do Tesouro Nacional com base na capacidade de endividamento.<\/p>\n<p>O CMN tamb\u00e9m aprovou a abertura de cr\u00e9dito no valor de R$ 12,2 bilh\u00f5es para projetos de mobilidade urbana inseridos no PAC 2 (Mobilidade Grandes Cidades). Os projetos, divulgados pelo Minist\u00e9rio das Cidades (Portaria n\u00ba 185\/2012),\u00a0tamb\u00e9m foram selecionados pelo\u00a0Comit\u00ea Gestor do PAC.<\/p>\n<p>Christina Machado<br \/>\nRep\u00f3rter da Ag\u00eancia Brasil<\/p>\n<p>Edi\u00e7\u00e3o: Juliana Andrade<\/p>\n","protected":false},"excerpt":{"rendered":"<p>Bras\u00edlia &#8211; O\u00a0Di\u00e1rio Oficial da Uni\u00e3o\u00a0publica hoje (28) a\u00a0resolu\u00e7\u00e3o\u00a0do Banco Central que amplia de R$ 18,1 bilh\u00f5es para R$ 19,2 bilh\u00f5es o limite de cr\u00e9dito das opera\u00e7\u00f5es destinadas a obras de saneamento b\u00e1sico no \u00e2mbito do Programa de Acelera\u00e7\u00e3o do Crescimento (PAC). A resolu\u00e7\u00e3o foi aprovada em reuni\u00e3o do Conselho Monet\u00e1rio Nacional (CMN), na semana [&hellip;]<\/p>\n","protected":false},"author":5,"featured_media":38940,"comment_status":"open","ping_status":"closed","sticky":false,"template":"","format":"standard","meta":{"_genesis_hide_title":false,"_genesis_hide_breadcrumbs":false,"_genesis_hide_singular_image":false,"_genesis_hide_footer_widgets":false,"_genesis_custom_body_class":"","_genesis_custom_post_class":"","_genesis_layout":"","_jetpack_memberships_contains_paid_content":false,"footnotes":""},"categories":[22,7],"tags":[],"class_list":{"0":"post-39247","1":"post","2":"type-post","3":"status-publish","4":"format-standard","5":"has-post-thumbnail","7":"category-brasil","8":"category-economia","9":"entry","10":"gs-1","11":"gs-odd","12":"gs-even","13":"gs-featured-content-entry"},"jetpack_featured_media_url":"https:\/\/www.redenoticia.com.br\/noticia\/imagens\/grafico.jpg","jetpack_sharing_enabled":true,"jetpack_likes_enabled":true,"_links":{"self":[{"href":"https:\/\/www.redenoticia.com.br\/noticia\/wp-json\/wp\/v2\/posts\/39247","targetHints":{"allow":["GET"]}}],"collection":[{"href":"https:\/\/www.redenoticia.com.br\/noticia\/wp-json\/wp\/v2\/posts"}],"about":[{"href":"https:\/\/www.redenoticia.com.br\/noticia\/wp-json\/wp\/v2\/types\/post"}],"author":[{"embeddable":true,"href":"https:\/\/www.redenoticia.com.br\/noticia\/wp-json\/wp\/v2\/users\/5"}],"replies":[{"embeddable":true,"href":"https:\/\/www.redenoticia.com.br\/noticia\/wp-json\/wp\/v2\/comments?post=39247"}],"version-history":[{"count":0,"href":"https:\/\/www.redenoticia.com.br\/noticia\/wp-json\/wp\/v2\/posts\/39247\/revisions"}],"wp:featuredmedia":[{"embeddable":true,"href":"https:\/\/www.redenoticia.com.br\/noticia\/wp-json\/wp\/v2\/media\/38940"}],"wp:attachment":[{"href":"https:\/\/www.redenoticia.com.br\/noticia\/wp-json\/wp\/v2\/media?parent=39247"}],"wp:term":[{"taxonomy":"category","embeddable":true,"href":"https:\/\/www.redenoticia.com.br\/noticia\/wp-json\/wp\/v2\/categories?post=39247"},{"taxonomy":"post_tag","embeddable":true,"href":"https:\/\/www.redenoticia.com.br\/noticia\/wp-json\/wp\/v2\/tags?post=39247"}],"curies":[{"name":"wp","href":"https:\/\/api.w.org\/{rel}","templated":true}]}}