{"id":39208,"date":"2012-05-24T17:03:21","date_gmt":"2012-05-24T20:03:21","guid":{"rendered":"http:\/\/www.redenoticia.com.br\/noticia\/?p=39208"},"modified":"2012-05-24T17:03:24","modified_gmt":"2012-05-24T20:03:24","slug":"investimento-estrangeiro-direto-soma-quase-us-20-bilhoes-e-meta-para-2012-deve-ser-atingida","status":"publish","type":"post","link":"https:\/\/www.redenoticia.com.br\/noticia\/2012\/investimento-estrangeiro-direto-soma-quase-us-20-bilhoes-e-meta-para-2012-deve-ser-atingida\/39208","title":{"rendered":"Investimento estrangeiro direto soma quase US$ 20 bilh\u00f5es e meta para 2012 deve ser atingida"},"content":{"rendered":"<p><a href=\"https:\/\/www.redenoticia.com.br\/noticia\/2012\/diretor-do-bc-diz-que-queda-dos-juros-tambem-reflete-esforco-de-levar-a-inflacao-para-o-centro-da-meta\/39050\/economia-2\" rel=\"attachment wp-att-38938\"><img loading=\"lazy\" decoding=\"async\" class=\"alignleft size-full wp-image-38938\" title=\"economia\" src=\"https:\/\/www.redenoticia.com.br\/noticia\/imagens\/economia1.jpg\" alt=\"\" width=\"300\" height=\"193\" srcset=\"https:\/\/www.redenoticia.com.br\/noticia\/imagens\/economia1.jpg 300w, https:\/\/www.redenoticia.com.br\/noticia\/imagens\/economia1-250x160.jpg 250w, https:\/\/www.redenoticia.com.br\/noticia\/imagens\/economia1-150x96.jpg 150w\" sizes=\"auto, (max-width: 300px) 100vw, 300px\" \/><\/a>Bras\u00edlia &#8211; O <strong><em>investimento<\/em><\/strong> estrangeiro direito (IED), que vai para o setor produtivo da economia, deve atingir US$ 3 bilh\u00f5es este m\u00eas, segundo proje\u00e7\u00e3o do <strong><em>Banco Central<\/em><\/strong> (BC). Em maio, at\u00e9 o dia 22, entraram no pa\u00eds US$ 2,1 bilh\u00f5es, menos da metade do que entrou em abril, US$ 4,669 bilh\u00f5es.<\/p>\n<p>Apesar dessa redu\u00e7\u00e3o de um m\u00eas para o outro, o chefe adjunto do Departamento Econ\u00f4mico do BC, Fernando Rocha, disse que a trajet\u00f3ria do IED est\u00e1 de acordo com a proje\u00e7\u00e3o de US$ 50 bilh\u00f5es para o acumulado do ano. Rocha explicou que as oscila\u00e7\u00f5es a cada m\u00eas s\u00e3o normais.<\/p>\n<p>\u201cEsse movimento est\u00e1 em linha com a redu\u00e7\u00e3o dos fluxos de investimento estrangeiro, presente nas proje\u00e7\u00f5es do Banco Central\u201d, disse. Segundo ele, apesar de n\u00e3o atingir o recorde do ano passado (US$ 66,66 bilh\u00f5es), a proje\u00e7\u00e3o para este ano \u201crepresenta um ingresso expressivo\u201d de capital.<\/p>\n<p>De janeiro a abril deste ano, o IED acumula US$ 19,608 bilh\u00f5es, ante US$ 23,055 bilh\u00f5es de igual per\u00edodo de 2011.<\/p>\n<p>Kelly Oliveira<br \/>\nRep\u00f3rter da Ag\u00eancia Brasil<\/p>\n<p>Edi\u00e7\u00e3o: Vinicius Doria<\/p>\n","protected":false},"excerpt":{"rendered":"<p>Bras\u00edlia &#8211; O investimento estrangeiro direito (IED), que vai para o setor produtivo da economia, deve atingir US$ 3 bilh\u00f5es este m\u00eas, segundo proje\u00e7\u00e3o do Banco Central (BC). Em maio, at\u00e9 o dia 22, entraram no pa\u00eds US$ 2,1 bilh\u00f5es, menos da metade do que entrou em abril, US$ 4,669 bilh\u00f5es. Apesar dessa redu\u00e7\u00e3o de [&hellip;]<\/p>\n","protected":false},"author":5,"featured_media":38938,"comment_status":"open","ping_status":"closed","sticky":false,"template":"","format":"standard","meta":{"_genesis_hide_title":false,"_genesis_hide_breadcrumbs":false,"_genesis_hide_singular_image":false,"_genesis_hide_footer_widgets":false,"_genesis_custom_body_class":"","_genesis_custom_post_class":"","_genesis_layout":"","_jetpack_memberships_contains_paid_content":false,"footnotes":""},"categories":[22,7],"tags":[],"class_list":{"0":"post-39208","1":"post","2":"type-post","3":"status-publish","4":"format-standard","5":"has-post-thumbnail","7":"category-brasil","8":"category-economia","9":"entry","10":"gs-1","11":"gs-odd","12":"gs-even","13":"gs-featured-content-entry"},"jetpack_featured_media_url":"https:\/\/www.redenoticia.com.br\/noticia\/imagens\/economia1.jpg","jetpack_sharing_enabled":true,"jetpack_likes_enabled":true,"_links":{"self":[{"href":"https:\/\/www.redenoticia.com.br\/noticia\/wp-json\/wp\/v2\/posts\/39208","targetHints":{"allow":["GET"]}}],"collection":[{"href":"https:\/\/www.redenoticia.com.br\/noticia\/wp-json\/wp\/v2\/posts"}],"about":[{"href":"https:\/\/www.redenoticia.com.br\/noticia\/wp-json\/wp\/v2\/types\/post"}],"author":[{"embeddable":true,"href":"https:\/\/www.redenoticia.com.br\/noticia\/wp-json\/wp\/v2\/users\/5"}],"replies":[{"embeddable":true,"href":"https:\/\/www.redenoticia.com.br\/noticia\/wp-json\/wp\/v2\/comments?post=39208"}],"version-history":[{"count":0,"href":"https:\/\/www.redenoticia.com.br\/noticia\/wp-json\/wp\/v2\/posts\/39208\/revisions"}],"wp:featuredmedia":[{"embeddable":true,"href":"https:\/\/www.redenoticia.com.br\/noticia\/wp-json\/wp\/v2\/media\/38938"}],"wp:attachment":[{"href":"https:\/\/www.redenoticia.com.br\/noticia\/wp-json\/wp\/v2\/media?parent=39208"}],"wp:term":[{"taxonomy":"category","embeddable":true,"href":"https:\/\/www.redenoticia.com.br\/noticia\/wp-json\/wp\/v2\/categories?post=39208"},{"taxonomy":"post_tag","embeddable":true,"href":"https:\/\/www.redenoticia.com.br\/noticia\/wp-json\/wp\/v2\/tags?post=39208"}],"curies":[{"name":"wp","href":"https:\/\/api.w.org\/{rel}","templated":true}]}}