{"id":39074,"date":"2012-08-30T00:35:29","date_gmt":"2012-08-30T03:35:29","guid":{"rendered":"http:\/\/www.redenoticia.com.br\/noticia\/?p=39074"},"modified":"2012-08-30T00:36:53","modified_gmt":"2012-08-30T03:36:53","slug":"a-fazenda-2012-estreia-dia-30-de-maio","status":"publish","type":"post","link":"https:\/\/www.redenoticia.com.br\/noticia\/2012\/a-fazenda-2012-estreia-dia-30-de-maio\/39074","title":{"rendered":"A Fazenda 2012: vota\u00e7\u00e3o em Viviane movimentou as enquetes"},"content":{"rendered":"<p><em><strong><img loading=\"lazy\" decoding=\"async\" class=\"alignleft size-full wp-image-17419\" title=\"a fazenda\" src=\"https:\/\/www.redenoticia.com.br\/noticia\/imagens\/a-fazenda.jpg\" alt=\"\" width=\"300\" height=\"193\" srcset=\"https:\/\/www.redenoticia.com.br\/noticia\/imagens\/a-fazenda.jpg 300w, https:\/\/www.redenoticia.com.br\/noticia\/imagens\/a-fazenda-250x160.jpg 250w, https:\/\/www.redenoticia.com.br\/noticia\/imagens\/a-fazenda-150x96.jpg 150w\" sizes=\"auto, (max-width: 300px) 100vw, 300px\" \/>A Fazenda <\/strong><\/em>2012 na Rede Record\u00a0&#8211; no programa ao vivo desta quarta-feira, 30, <em><strong>Viviane<\/strong><\/em> foi declarada a <em><strong>vencedora<\/strong><\/em> desta edi\u00e7\u00e3o de A Fazenda com 84%\u00a0dos votos oficiais.\u00a0Felipe Folgosi e L\u00e9o \u00c1quilla foram, respectivamente, o segundo e terceiro colocados.\u00a0Ap\u00f3s a elimina\u00e7\u00e3o de Nicole alguns portais pesquisaram a\u00a0vota\u00e7\u00e3o\u00a0nos finalistas atrav\u00e9s de<em><strong> enquete<\/strong><\/em>. Na\u00a0enquete UOL\u00a0Viviane come\u00e7ou com 85% da indica\u00e7\u00e3o do p\u00fablico para ser a vencedora. Na noitee de quarta-feira, 29, dia da final, o placar da enquete Uol e enquete\u00a0NaTelinha demonstrava a preferencia do p\u00fablico por Viviane. A vota\u00e7\u00e3o oficial aconteceu no endere\u00e7o eletr\u00f4nico da Rede Record. A vencedora levou R$ 2 milh\u00f5es\u00a0para casa.<\/p>\n<p>No programa ao vivo deste domingo, 26, Nicole foi eliminada desta edi\u00e7\u00e3o de A Fazenda com 69%\u00a0dos votos oficiais. Viviane voltou para a sede como terceira\u00a0finalista,\u00a0junto com L\u00e9o e Felipe.<\/p>\n<p>No programa deste s\u00e1bado, 25, Viviane, Nicole e Felipe disputaram uma prova de sorte. Felipe ganhou a disputa e se tornou o segundo finalista, junto com L\u00e9o \u00c1quila. Viviane e Nicole disputaram a \u00faltima ro\u00e7a desta edi\u00e7\u00e3o de A Fazenda. Ap\u00f3s a prova alguns portais pesquisaram a\u00a0vota\u00e7\u00e3o\u00a0atrav\u00e9s de enquete. Na enquete UOL Nicole come\u00e7ou com 72%. Na tarde do domingo, 26, Nicole permaneceu com a maioria da indica\u00e7\u00e3o do p\u00fablico para ser eliminada, 67%.\u00a0A vota\u00e7\u00e3o oficial aconteceu no endere\u00e7o eletr\u00f4nico da Rede Record.\u00a0A vencedora desta ro\u00e7a ser\u00e1 a terceira e \u00faltima finalista.<\/p>\n<p>No programa ao vivo desta quinta-feira, 23, Robertha foi eliminada desta edi\u00e7\u00e3o de A Fazenda com \u00a084%\u00a0dos votos oficiais. Na quarta-feira, 22\/08, Viviane, L\u00e9o e Robertha\u00a0disputaram\u00a0uma prova de obst\u00e1culos. L\u00e9o venceu o desafio e garantiu a primeira vaga na final desta edi\u00e7\u00e3o de A Fazenda. Viviane e Robertha disputaram a ro\u00e7a desta semana.\u00a0L\u00e9o vai permanecer na sede, mas os outros pe\u00f5es foram para o celeiro at\u00e9 a defini\u00e7\u00e3o dos pr\u00f3ximos finalistas. Ap\u00f3s a prova alguns portais pesquisaram a\u00a0vota\u00e7\u00e3o\u00a0atrav\u00e9s de enquete. Na enquete UOL Robertha come\u00e7ou com 77% da indica\u00e7\u00e3o do p\u00fablico para ser eliminada. Na tarde de quinta-feira, 23, Robertha chegou a 83% dos votos. A vota\u00e7\u00e3o oficial aconteceu no endere\u00e7o eletr\u00f4nico da Rede Record.<\/p>\n<p>A Fazenda \u00e9 a vers\u00e3o brasileira do programa The Farm, sucesso em mais de 40 pa\u00edses e que chega transformado numa superprodu\u00e7\u00e3o de mais de R$ 20 milh\u00f5es na tela da Record. O reality show vai mostrar um lado desconhecido de 15 famosos \u2013 entre atores, cantores, modelos e personalidades da m\u00eddia \u2013 que ter\u00e3o sua habilidade (ou a absoluta falta dela) testada em tarefas t\u00edpicas do meio rural.<\/p>\n","protected":false},"excerpt":{"rendered":"<p>A Fazenda 2012 na Rede Record\u00a0&#8211; no programa ao vivo desta quarta-feira, 30, Viviane foi declarada a vencedora desta edi\u00e7\u00e3o de A Fazenda com 84%\u00a0dos votos oficiais.\u00a0Felipe Folgosi e L\u00e9o \u00c1quilla foram, respectivamente, o segundo e terceiro colocados.\u00a0Ap\u00f3s a elimina\u00e7\u00e3o de Nicole alguns portais pesquisaram a\u00a0vota\u00e7\u00e3o\u00a0nos finalistas atrav\u00e9s de enquete. Na\u00a0enquete UOL\u00a0Viviane come\u00e7ou com 85% [&hellip;]<\/p>\n","protected":false},"author":3,"featured_media":17419,"comment_status":"closed","ping_status":"closed","sticky":false,"template":"","format":"standard","meta":{"_genesis_hide_title":false,"_genesis_hide_breadcrumbs":false,"_genesis_hide_singular_image":false,"_genesis_hide_footer_widgets":false,"_genesis_custom_body_class":"","_genesis_custom_post_class":"","_genesis_layout":"","_jetpack_memberships_contains_paid_content":false,"footnotes":""},"categories":[22,371,343],"tags":[],"class_list":{"0":"post-39074","1":"post","2":"type-post","3":"status-publish","4":"format-standard","5":"has-post-thumbnail","7":"category-brasil","8":"category-rede-record","9":"category-televisao","10":"entry","11":"gs-1","12":"gs-odd","13":"gs-even","14":"gs-featured-content-entry"},"jetpack_featured_media_url":"https:\/\/www.redenoticia.com.br\/noticia\/imagens\/a-fazenda.jpg","jetpack_sharing_enabled":true,"jetpack_likes_enabled":true,"_links":{"self":[{"href":"https:\/\/www.redenoticia.com.br\/noticia\/wp-json\/wp\/v2\/posts\/39074","targetHints":{"allow":["GET"]}}],"collection":[{"href":"https:\/\/www.redenoticia.com.br\/noticia\/wp-json\/wp\/v2\/posts"}],"about":[{"href":"https:\/\/www.redenoticia.com.br\/noticia\/wp-json\/wp\/v2\/types\/post"}],"author":[{"embeddable":true,"href":"https:\/\/www.redenoticia.com.br\/noticia\/wp-json\/wp\/v2\/users\/3"}],"replies":[{"embeddable":true,"href":"https:\/\/www.redenoticia.com.br\/noticia\/wp-json\/wp\/v2\/comments?post=39074"}],"version-history":[{"count":0,"href":"https:\/\/www.redenoticia.com.br\/noticia\/wp-json\/wp\/v2\/posts\/39074\/revisions"}],"wp:featuredmedia":[{"embeddable":true,"href":"https:\/\/www.redenoticia.com.br\/noticia\/wp-json\/wp\/v2\/media\/17419"}],"wp:attachment":[{"href":"https:\/\/www.redenoticia.com.br\/noticia\/wp-json\/wp\/v2\/media?parent=39074"}],"wp:term":[{"taxonomy":"category","embeddable":true,"href":"https:\/\/www.redenoticia.com.br\/noticia\/wp-json\/wp\/v2\/categories?post=39074"},{"taxonomy":"post_tag","embeddable":true,"href":"https:\/\/www.redenoticia.com.br\/noticia\/wp-json\/wp\/v2\/tags?post=39074"}],"curies":[{"name":"wp","href":"https:\/\/api.w.org\/{rel}","templated":true}]}}