{"id":39047,"date":"2012-05-09T18:16:32","date_gmt":"2012-05-09T21:16:32","guid":{"rendered":"http:\/\/www.redenoticia.com.br\/noticia\/?p=39047"},"modified":"2012-05-09T18:16:35","modified_gmt":"2012-05-09T21:16:35","slug":"consumidor-pode-negociar-divida-com-instituicoes-concorrentes-por-meio-da-portabilidade-de-credito","status":"publish","type":"post","link":"https:\/\/www.redenoticia.com.br\/noticia\/2012\/consumidor-pode-negociar-divida-com-instituicoes-concorrentes-por-meio-da-portabilidade-de-credito\/39047","title":{"rendered":"Consumidor pode negociar d\u00edvida com institui\u00e7\u00f5es concorrentes por meio da portabilidade de cr\u00e9dito"},"content":{"rendered":"<p><a href=\"https:\/\/www.redenoticia.com.br\/noticia\/2011\/inflacao-semanal-sobe-em-6-das-7-capitais-pesquisadas-pela-fgv\/34915\/inflacao\" rel=\"attachment wp-att-34916\"><img loading=\"lazy\" decoding=\"async\" class=\"alignleft size-full wp-image-34916\" title=\"inflacao\" src=\"https:\/\/www.redenoticia.com.br\/noticia\/imagens\/inflacao.jpg\" alt=\"\" width=\"300\" height=\"193\" srcset=\"https:\/\/www.redenoticia.com.br\/noticia\/imagens\/inflacao.jpg 300w, https:\/\/www.redenoticia.com.br\/noticia\/imagens\/inflacao-250x160.jpg 250w, https:\/\/www.redenoticia.com.br\/noticia\/imagens\/inflacao-150x96.jpg 150w\" sizes=\"auto, (max-width: 300px) 100vw, 300px\" \/><\/a>Bras\u00edlia &#8211; O <strong><em>Banco Centra<\/em><\/strong>l (BC) e o Departamento de Prote\u00e7\u00e3o e Defesa do Consumidor do Minist\u00e9rio da Justi\u00e7a divulgaram hoje (9) um boletim com orienta\u00e7\u00e3o sobre portabilidade de <em><strong>cr\u00e9dito e liquida\u00e7\u00e3o<\/strong><\/em> antecipada.<\/p>\n<p>\u201cMesmo ap\u00f3s a contrata\u00e7\u00e3o da opera\u00e7\u00e3o de cr\u00e9dito, o consumidor pode continuar pesquisando as condi\u00e7\u00f5es oferecidas no mercado, a fim de negociar sua d\u00edvida com uma institui\u00e7\u00e3o concorrente que ofere\u00e7a condi\u00e7\u00f5es mais favor\u00e1veis\u201d, diz o boletim Consumo e Finan\u00e7as.<\/p>\n<p>O BC e o departamento lembram que o Conselho Monet\u00e1rio Nacional (CMN) \u201cdeterminou que as institui\u00e7\u00f5es financeiras e as sociedades de arrendamento mercantil devem aceitar a transfer\u00eancia das opera\u00e7\u00f5es de cr\u00e9dito e de arrendamento mercantil, mediante o recebimento de recursos transferidos por outras institui\u00e7\u00f5es da esp\u00e9cie\u201d.<\/p>\n<p>O boletim tamb\u00e9m destaca que o C\u00f3digo de Defesa do Consumidor (Lei n\u00ba 8.078, de 1990) \u201cassegura ao consumidor a possibilidade de liquida\u00e7\u00e3o antecipada de d\u00e9bitos, total ou parcialmente, mediante redu\u00e7\u00e3o proporcional dos juros e demais acr\u00e9scimos\u201d.<\/p>\n<p>Outra recomenda\u00e7\u00e3o \u00e9 que, \u201cantes de contratar uma opera\u00e7\u00e3o de cr\u00e9dito, o consumidor pesquise as diversas op\u00e7\u00f5es dispon\u00edveis\u201d. Para facilitar a compara\u00e7\u00e3o entre ofertas, os consumidores podem conferir o Custo Efetivo Total (CET), que resume em uma \u00fanica taxa todos os encargos e despesas previstos para a opera\u00e7\u00e3o.<\/p>\n<p>O governo quer estimular a portabilidade de cr\u00e9dito, como forma de haver maior concorr\u00eancia entre os bancos. O Minist\u00e9rio da Fazenda confirmou que estuda regras que facilitem a portabilidade do cr\u00e9dito imobili\u00e1rio. A altera\u00e7\u00e3o facilitaria a transfer\u00eancia de cr\u00e9dito imobili\u00e1rio de um banco para outro que oferecesse mais vantagens para o mutu\u00e1rio. A portabilidade, segundo o Minist\u00e9rio da Fazenda, est\u00e1 em vigor desde setembro de 2006.<\/p>\n<p>Kelly Oliveira<br \/>\nRep\u00f3rter da Ag\u00eancia Brasil<\/p>\n<p>Edi\u00e7\u00e3o: F\u00e1bio Massalli<\/p>\n","protected":false},"excerpt":{"rendered":"<p>Bras\u00edlia &#8211; O Banco Central (BC) e o Departamento de Prote\u00e7\u00e3o e Defesa do Consumidor do Minist\u00e9rio da Justi\u00e7a divulgaram hoje (9) um boletim com orienta\u00e7\u00e3o sobre portabilidade de cr\u00e9dito e liquida\u00e7\u00e3o antecipada. \u201cMesmo ap\u00f3s a contrata\u00e7\u00e3o da opera\u00e7\u00e3o de cr\u00e9dito, o consumidor pode continuar pesquisando as condi\u00e7\u00f5es oferecidas no mercado, a fim de negociar [&hellip;]<\/p>\n","protected":false},"author":5,"featured_media":34916,"comment_status":"open","ping_status":"closed","sticky":false,"template":"","format":"standard","meta":{"_genesis_hide_title":false,"_genesis_hide_breadcrumbs":false,"_genesis_hide_singular_image":false,"_genesis_hide_footer_widgets":false,"_genesis_custom_body_class":"","_genesis_custom_post_class":"","_genesis_layout":"","_jetpack_memberships_contains_paid_content":false,"footnotes":""},"categories":[22,7],"tags":[],"class_list":{"0":"post-39047","1":"post","2":"type-post","3":"status-publish","4":"format-standard","5":"has-post-thumbnail","7":"category-brasil","8":"category-economia","9":"entry","10":"gs-1","11":"gs-odd","12":"gs-even","13":"gs-featured-content-entry"},"jetpack_featured_media_url":"https:\/\/www.redenoticia.com.br\/noticia\/imagens\/inflacao.jpg","jetpack_sharing_enabled":true,"jetpack_likes_enabled":true,"_links":{"self":[{"href":"https:\/\/www.redenoticia.com.br\/noticia\/wp-json\/wp\/v2\/posts\/39047","targetHints":{"allow":["GET"]}}],"collection":[{"href":"https:\/\/www.redenoticia.com.br\/noticia\/wp-json\/wp\/v2\/posts"}],"about":[{"href":"https:\/\/www.redenoticia.com.br\/noticia\/wp-json\/wp\/v2\/types\/post"}],"author":[{"embeddable":true,"href":"https:\/\/www.redenoticia.com.br\/noticia\/wp-json\/wp\/v2\/users\/5"}],"replies":[{"embeddable":true,"href":"https:\/\/www.redenoticia.com.br\/noticia\/wp-json\/wp\/v2\/comments?post=39047"}],"version-history":[{"count":0,"href":"https:\/\/www.redenoticia.com.br\/noticia\/wp-json\/wp\/v2\/posts\/39047\/revisions"}],"wp:featuredmedia":[{"embeddable":true,"href":"https:\/\/www.redenoticia.com.br\/noticia\/wp-json\/wp\/v2\/media\/34916"}],"wp:attachment":[{"href":"https:\/\/www.redenoticia.com.br\/noticia\/wp-json\/wp\/v2\/media?parent=39047"}],"wp:term":[{"taxonomy":"category","embeddable":true,"href":"https:\/\/www.redenoticia.com.br\/noticia\/wp-json\/wp\/v2\/categories?post=39047"},{"taxonomy":"post_tag","embeddable":true,"href":"https:\/\/www.redenoticia.com.br\/noticia\/wp-json\/wp\/v2\/tags?post=39047"}],"curies":[{"name":"wp","href":"https:\/\/api.w.org\/{rel}","templated":true}]}}