{"id":39024,"date":"2012-05-08T19:00:40","date_gmt":"2012-05-08T22:00:40","guid":{"rendered":"http:\/\/www.redenoticia.com.br\/noticia\/?p=39024"},"modified":"2012-05-08T19:00:40","modified_gmt":"2012-05-08T22:00:40","slug":"lei-geral-da-copa-e-pec-do-trabalho-escravo-sao-priorizados","status":"publish","type":"post","link":"https:\/\/www.redenoticia.com.br\/noticia\/2012\/lei-geral-da-copa-e-pec-do-trabalho-escravo-sao-priorizados\/39024","title":{"rendered":"Lei Geral da Copa e PEC do Trabalho Escravo s\u00e3o priorizados"},"content":{"rendered":"<p><img loading=\"lazy\" decoding=\"async\" class=\"alignleft size-full wp-image-30249\" title=\"copa do mundo 2014\" src=\"https:\/\/www.redenoticia.com.br\/noticia\/imagens\/copa-do-mundo-2014.jpg\" alt=\"\" width=\"300\" height=\"193\" srcset=\"https:\/\/www.redenoticia.com.br\/noticia\/imagens\/copa-do-mundo-2014.jpg 300w, https:\/\/www.redenoticia.com.br\/noticia\/imagens\/copa-do-mundo-2014-250x161.jpg 250w, https:\/\/www.redenoticia.com.br\/noticia\/imagens\/copa-do-mundo-2014-150x97.jpg 150w\" sizes=\"auto, (max-width: 300px) 100vw, 300px\" \/>Bras\u00edlia &#8211; Ap\u00f3s se reunir com l\u00edderes governistas do Senado hoje (8), a ministra de Rela\u00e7\u00f5es Institucionais, Ideli Salvatti, informou as prioridades do governo na agenda do Legislativo. O governo quer ver aprovadas o mais r\u00e1pido poss\u00edvel a <em><strong>Lei Geral da Copa<\/strong><\/em>, no Senado, e a proposta de emenda \u00e0 Constitui\u00e7\u00e3o (PEC) que trata do Trabalho Escravo, na C\u00e2mara.<\/p>\n<p>\u201cH\u00e1 uma movimenta\u00e7\u00e3o forte de todos os partidos para que a gente possa fazer a vota\u00e7\u00e3o nesta quarta-feira (9). Estamos bastante animados porque a Lei Geral da Copa ser\u00e1 votada nesta semana aqui no Senado\u201d, disse Ideli.<\/p>\n<p>O governo quer limpar a pauta de vota\u00e7\u00e3o do Senado hoje, com a vota\u00e7\u00e3o de medidas provis\u00f3rias, duas delas que j\u00e1 trancam a pauta de vota\u00e7\u00f5es: a MP 552\/2011 e a MP 553\/2011. A primeira prorroga at\u00e9 dezembro a isen\u00e7\u00e3o do PIS\/Pasep e da Cofins na importa\u00e7\u00e3o e na venda, no mercado interno do trigo, da farinha e de pr\u00e9-misturas para fabrica\u00e7\u00e3o do p\u00e3o. A segunda destina recursos para os minist\u00e9rios da Ci\u00eancia, Tecnologia e Inova\u00e7\u00e3o; Defesa; e Integra\u00e7\u00e3o Nacional.<\/p>\n<p>&#8220;Tiramos aqui hoje uma pauta e metas muito claras. Na tarde de hoje, no Senado, queremos votar as duas medidas provis\u00f3rias que est\u00e3o trancando a pauta e o requerimento de urg\u00eancia da Lei Geral da Copa. Amanh\u00e3, no plen\u00e1rio, votar a Lei Geral da Copa. Nas comiss\u00f5es queremos poder avan\u00e7ar em outros projetos como \u00e9 o caso do projeto que criminaliza a quest\u00e3o da lavagem de dinheiro, um projeto muito importante no combate a corrup\u00e7\u00e3o&#8221;, disse a ministra em rela\u00e7\u00e3o aos projetos que est\u00e3o sob aprecia\u00e7\u00e3o do Senado.<\/p>\n<p>J\u00e1 na C\u00e2mara as aten\u00e7\u00f5es do governo, de acordo com a ministra, est\u00e3o voltadas para a PEC do Trabalho Escravo. A ministra da Secretaria de Direitos Humanos, Maria do Ros\u00e1rio, esteve com o presidente da Casa, deputado Marco Maia (PT-RS), pedindo para que o assunto seja pautado. &#8220;Temos a convic\u00e7\u00e3o de que essa \u00e9 uma mat\u00e9ria importante. \u00c9 uma mat\u00e9ria reconhecida inclusive internacionalmente como uma medida eficaz no combate ao trabalho escravo&#8221;, considerou Ideli.<\/p>\n<p>A proposta j\u00e1 foi aprovada pelo Senado e resta apenas a aprova\u00e7\u00e3o na C\u00e2mara, em segundo turno, para seguir para promulga\u00e7\u00e3o. &#8220;Vamos nos esfor\u00e7ar. A base do governo, os partidos estar\u00e3o trabalhando, eu acredito, para que essa PEC possa finalmente ser apreciada e encerrada a sua vota\u00e7\u00e3o&#8221;, destacou a ministra.<\/p>\n<p>Outros projetos que tramitam nas comiss\u00f5es de m\u00e9rito do Senado tamb\u00e9m est\u00e3o entre as prioridades do governo. De acordo com Ideli, nesse rol encontram-se o projeto que impede o uso do cheque cau\u00e7\u00e3o no atendimento de emerg\u00eancias em hospitais, al\u00e9m da proposta que muda a Lei Seca. &#8220;S\u00e3o mat\u00e9rias de alto impacto e que n\u00f3s queremos que nesta semana possam tramitar nas comiss\u00f5es&#8221;, disse Ideli.<\/p>\n<p>Luciana Lima<br \/>\nRep\u00f3rter da Ag\u00eancia Brasil<br \/>\nEdi\u00e7\u00e3o: Talita Cavalcante<\/p>\n","protected":false},"excerpt":{"rendered":"<p>Bras\u00edlia &#8211; Ap\u00f3s se reunir com l\u00edderes governistas do Senado hoje (8), a ministra de Rela\u00e7\u00f5es Institucionais, Ideli Salvatti, informou as prioridades do governo na agenda do Legislativo. O governo quer ver aprovadas o mais r\u00e1pido poss\u00edvel a Lei Geral da Copa, no Senado, e a proposta de emenda \u00e0 Constitui\u00e7\u00e3o (PEC) que trata do [&hellip;]<\/p>\n","protected":false},"author":3,"featured_media":30249,"comment_status":"open","ping_status":"closed","sticky":false,"template":"","format":"standard","meta":{"_genesis_hide_title":false,"_genesis_hide_breadcrumbs":false,"_genesis_hide_singular_image":false,"_genesis_hide_footer_widgets":false,"_genesis_custom_body_class":"","_genesis_custom_post_class":"","_genesis_layout":"","_jetpack_memberships_contains_paid_content":false,"footnotes":""},"categories":[22,7],"tags":[],"class_list":{"0":"post-39024","1":"post","2":"type-post","3":"status-publish","4":"format-standard","5":"has-post-thumbnail","7":"category-brasil","8":"category-economia","9":"entry","10":"gs-1","11":"gs-odd","12":"gs-even","13":"gs-featured-content-entry"},"jetpack_featured_media_url":"https:\/\/www.redenoticia.com.br\/noticia\/imagens\/copa-do-mundo-2014.jpg","jetpack_sharing_enabled":true,"jetpack_likes_enabled":true,"_links":{"self":[{"href":"https:\/\/www.redenoticia.com.br\/noticia\/wp-json\/wp\/v2\/posts\/39024","targetHints":{"allow":["GET"]}}],"collection":[{"href":"https:\/\/www.redenoticia.com.br\/noticia\/wp-json\/wp\/v2\/posts"}],"about":[{"href":"https:\/\/www.redenoticia.com.br\/noticia\/wp-json\/wp\/v2\/types\/post"}],"author":[{"embeddable":true,"href":"https:\/\/www.redenoticia.com.br\/noticia\/wp-json\/wp\/v2\/users\/3"}],"replies":[{"embeddable":true,"href":"https:\/\/www.redenoticia.com.br\/noticia\/wp-json\/wp\/v2\/comments?post=39024"}],"version-history":[{"count":0,"href":"https:\/\/www.redenoticia.com.br\/noticia\/wp-json\/wp\/v2\/posts\/39024\/revisions"}],"wp:featuredmedia":[{"embeddable":true,"href":"https:\/\/www.redenoticia.com.br\/noticia\/wp-json\/wp\/v2\/media\/30249"}],"wp:attachment":[{"href":"https:\/\/www.redenoticia.com.br\/noticia\/wp-json\/wp\/v2\/media?parent=39024"}],"wp:term":[{"taxonomy":"category","embeddable":true,"href":"https:\/\/www.redenoticia.com.br\/noticia\/wp-json\/wp\/v2\/categories?post=39024"},{"taxonomy":"post_tag","embeddable":true,"href":"https:\/\/www.redenoticia.com.br\/noticia\/wp-json\/wp\/v2\/tags?post=39024"}],"curies":[{"name":"wp","href":"https:\/\/api.w.org\/{rel}","templated":true}]}}