{"id":39023,"date":"2012-05-08T18:57:57","date_gmt":"2012-05-08T21:57:57","guid":{"rendered":"http:\/\/www.redenoticia.com.br\/noticia\/?p=39023"},"modified":"2012-05-08T18:57:57","modified_gmt":"2012-05-08T21:57:57","slug":"expectativa-de-expansao-do-mercado-imobiliario-em-sp","status":"publish","type":"post","link":"https:\/\/www.redenoticia.com.br\/noticia\/2012\/expectativa-de-expansao-do-mercado-imobiliario-em-sp\/39023","title":{"rendered":"Expectativa de expans\u00e3o do mercado imobili\u00e1rio em SP"},"content":{"rendered":"<p><img loading=\"lazy\" decoding=\"async\" class=\"alignleft size-full wp-image-34681\" title=\"secovi sp\" src=\"https:\/\/www.redenoticia.com.br\/noticia\/imagens\/secovi-sp.jpg\" alt=\"\" width=\"300\" height=\"193\" srcset=\"https:\/\/www.redenoticia.com.br\/noticia\/imagens\/secovi-sp.jpg 300w, https:\/\/www.redenoticia.com.br\/noticia\/imagens\/secovi-sp-250x160.jpg 250w, https:\/\/www.redenoticia.com.br\/noticia\/imagens\/secovi-sp-150x96.jpg 150w\" sizes=\"auto, (max-width: 300px) 100vw, 300px\" \/>S\u00e3o Paulo \u2013 Com alta de 27% na venda de im\u00f3veis novos \u2013 em termos reais (valor relacionado \u00e0s vendas) \u2013, no primeiro trimestre do ano, o Sindicato da Habita\u00e7\u00e3o de S\u00e3o Paulo (Secovi-SP) dobrou a expectativa de crescimento no setor para 2012, na capital paulista. A proje\u00e7\u00e3o passou de 5% para 10%. De acordo com a pesquisa sobre o <em><strong>mercado imobili\u00e1rio<\/strong><\/em> divulgada hoje (8), foram comercializados R$ 2,73 bilh\u00f5es de janeiro a mar\u00e7o de 2012, ante R$ 2,15 bilh\u00f5es no mesmo per\u00edodo do ano passado. Em unidades, tamb\u00e9m houve crescimento. Foram vendidos 5,4 mil im\u00f3veis, contra 4.265 no primeiro trimestre do ano passado, representando alta de 26,6%.<\/p>\n<p>Para Celso Petrucci, economista-chefe do Secovi-SP, a alta se deve a um ambiente econ\u00f4mico favor\u00e1vel nos meses de janeiro a mar\u00e7o deste ano. \u201c\u00c9 completamente diferente do primeiro trimestre do ano passado. A gente falava de aumento de juros, de aumento da infla\u00e7\u00e3o e a crise na Europa era muito acentuada. Iniciamos este ano com boas not\u00edcias na economia\u201d, avaliou. Como sinais desse cen\u00e1rio mais favor\u00e1vel, o economista citou a gera\u00e7\u00e3o de empregos formais, o crescimento da massa salarial e a queda da taxa b\u00e1sica de juros, a Selic.<\/p>\n<p>Segundo Petrucci, tamb\u00e9m h\u00e1 um componente que n\u00e3o \u00e9, necessariamente, financeiro, que leva ao aquecimento do mercado imobili\u00e1rio. \u201cQuando voc\u00ea est\u00e1 permeado de m\u00e1s not\u00edcias, voc\u00ea posterga decis\u00f5es e, quando est\u00e1 cercado de boas not\u00edcias, toma decis\u00f5es. O mercado imobili\u00e1rio vai a esse sabor\u201d, avalia. Ele acredita que a repercuss\u00e3o direta no setor imobili\u00e1rio das medidas anunciadas recentemente pelo governo, como altera\u00e7\u00f5es na poupan\u00e7a e redu\u00e7\u00e3o da taxa de juros, s\u00f3 poder\u00e1 ser avaliada daqui a alguns meses.<\/p>\n<p>A pesquisa mostra, ainda, que os im\u00f3veis de dois e tr\u00eas dormit\u00f3rios s\u00e3o os mais procurados para a compra em S\u00e3o Paulo. A procura por esse tipo de resid\u00eancia aumentou de 72,9%, no primeiro trimestre de 2011, para 81,9%, de janeiro a mar\u00e7o deste ano. As unidades de dois dormit\u00f3rios representam 50% do volume total negociado nesse per\u00edodo.<\/p>\n<p>A regi\u00e3o metropolitana de S\u00e3o Paulo, que \u00e9 formada pela capital e mais 38 munic\u00edpios, no entanto, ainda registra desaquecimento nas vendas. No primeiro trimestre de 2011, foram negociados 10.162 im\u00f3veis. Pelos dados do Secovi, houve queda de 4,5%, em igual per\u00edodo em 2012, quando foram comercializados 9.703.<\/p>\n<p>Camila Maciel<br \/>\nRep\u00f3rter da Ag\u00eancia Brasil<br \/>\nEdi\u00e7\u00e3o: Juliana Andrade<\/p>\n","protected":false},"excerpt":{"rendered":"<p>S\u00e3o Paulo \u2013 Com alta de 27% na venda de im\u00f3veis novos \u2013 em termos reais (valor relacionado \u00e0s vendas) \u2013, no primeiro trimestre do ano, o Sindicato da Habita\u00e7\u00e3o de S\u00e3o Paulo (Secovi-SP) dobrou a expectativa de crescimento no setor para 2012, na capital paulista. A proje\u00e7\u00e3o passou de 5% para 10%. De acordo [&hellip;]<\/p>\n","protected":false},"author":3,"featured_media":34681,"comment_status":"open","ping_status":"closed","sticky":false,"template":"","format":"standard","meta":{"_genesis_hide_title":false,"_genesis_hide_breadcrumbs":false,"_genesis_hide_singular_image":false,"_genesis_hide_footer_widgets":false,"_genesis_custom_body_class":"","_genesis_custom_post_class":"","_genesis_layout":"","_jetpack_memberships_contains_paid_content":false,"footnotes":""},"categories":[22,7],"tags":[],"class_list":{"0":"post-39023","1":"post","2":"type-post","3":"status-publish","4":"format-standard","5":"has-post-thumbnail","7":"category-brasil","8":"category-economia","9":"entry","10":"gs-1","11":"gs-odd","12":"gs-even","13":"gs-featured-content-entry"},"jetpack_featured_media_url":"https:\/\/www.redenoticia.com.br\/noticia\/imagens\/secovi-sp.jpg","jetpack_sharing_enabled":true,"jetpack_likes_enabled":true,"_links":{"self":[{"href":"https:\/\/www.redenoticia.com.br\/noticia\/wp-json\/wp\/v2\/posts\/39023","targetHints":{"allow":["GET"]}}],"collection":[{"href":"https:\/\/www.redenoticia.com.br\/noticia\/wp-json\/wp\/v2\/posts"}],"about":[{"href":"https:\/\/www.redenoticia.com.br\/noticia\/wp-json\/wp\/v2\/types\/post"}],"author":[{"embeddable":true,"href":"https:\/\/www.redenoticia.com.br\/noticia\/wp-json\/wp\/v2\/users\/3"}],"replies":[{"embeddable":true,"href":"https:\/\/www.redenoticia.com.br\/noticia\/wp-json\/wp\/v2\/comments?post=39023"}],"version-history":[{"count":0,"href":"https:\/\/www.redenoticia.com.br\/noticia\/wp-json\/wp\/v2\/posts\/39023\/revisions"}],"wp:featuredmedia":[{"embeddable":true,"href":"https:\/\/www.redenoticia.com.br\/noticia\/wp-json\/wp\/v2\/media\/34681"}],"wp:attachment":[{"href":"https:\/\/www.redenoticia.com.br\/noticia\/wp-json\/wp\/v2\/media?parent=39023"}],"wp:term":[{"taxonomy":"category","embeddable":true,"href":"https:\/\/www.redenoticia.com.br\/noticia\/wp-json\/wp\/v2\/categories?post=39023"},{"taxonomy":"post_tag","embeddable":true,"href":"https:\/\/www.redenoticia.com.br\/noticia\/wp-json\/wp\/v2\/tags?post=39023"}],"curies":[{"name":"wp","href":"https:\/\/api.w.org\/{rel}","templated":true}]}}