{"id":3891,"date":"2009-06-26T14:19:48","date_gmt":"2009-06-26T18:19:48","guid":{"rendered":"http:\/\/www.redenoticia.com.br\/noticia\/?p=3891"},"modified":"2009-06-26T14:19:48","modified_gmt":"2009-06-26T18:19:48","slug":"anatel-vai-nomear-aprovados-em-concurso","status":"publish","type":"post","link":"https:\/\/www.redenoticia.com.br\/noticia\/2009\/anatel-vai-nomear-aprovados-em-concurso\/3891","title":{"rendered":"Anatel vai nomear aprovados em concurso"},"content":{"rendered":"<p>O Minist\u00e9rio do Planejamento determinou \u00e0 Ag\u00eancia Nacional de Telecomunica\u00e7\u00f5es (Anatel) que proceda a nomea\u00e7\u00e3o de 74 candidatos aprovados em concurso p\u00fablico para o \u00f3rg\u00e3o. A Portaria n\u00ba 166, de autoriza\u00e7\u00e3o da medida, foi publicada hoje no Di\u00e1rio Oficial da Uni\u00e3o.<\/p>\n<p>Conforme a Portaria, 103 vagas do quadro de pessoal da Anatel devem ser ocupadas, sendo 74 no cargo de t\u00e9cnico em Regula\u00e7\u00e3o de Servi\u00e7os P\u00fablicos de Telecomunica\u00e7\u00f5es e 29 nos postos de t\u00e9cnico administrativo.<\/p>\n<p>Os novos servidores ser\u00e3o de \u00e1reas que exigem n\u00edvel m\u00e9dio de escolaridade, com remunera\u00e7\u00e3o inicial de R$ 4.205,27, no caso do t\u00e9cnico em Regula\u00e7\u00e3o, e de R$ 4.190,07 o t\u00e9cnico administrativo.<\/p>\n<p>Os vencimentos est\u00e3o previstos na edi\u00e7\u00e3o n\u00ba 47 da Tabela de Remunera\u00e7\u00e3o dos Servidores P\u00fablicos Federais, dispon\u00edvel para consulta no endere\u00e7o <a href=\"http:\/\/www.servidor.gov.br\/\" target=\"_blank\"><strong>www.servidor.gov.br<\/strong><\/a>.<\/p>\n<p>O provimento dos cargos est\u00e1 liberado j\u00e1 para este m\u00eas, desde que seja comprovada a exist\u00eancia de vagas e apontada a origem dos recursos a serem utilizados.<\/p>\n<p>Os atos de divulga\u00e7\u00e3o das convoca\u00e7\u00f5es ser\u00e3o da responsabilidade da ag\u00eancia.<\/p>\n","protected":false},"excerpt":{"rendered":"<p>O Minist\u00e9rio do Planejamento determinou \u00e0 Ag\u00eancia Nacional de Telecomunica\u00e7\u00f5es (Anatel) que proceda a nomea\u00e7\u00e3o de 74 candidatos aprovados em concurso p\u00fablico para o \u00f3rg\u00e3o. A Portaria n\u00ba 166, de autoriza\u00e7\u00e3o da medida, foi publicada hoje no Di\u00e1rio Oficial da Uni\u00e3o. Conforme a Portaria, 103 vagas do quadro de pessoal da Anatel devem ser ocupadas, [&hellip;]<\/p>\n","protected":false},"author":3,"featured_media":0,"comment_status":"open","ping_status":"open","sticky":false,"template":"","format":"standard","meta":{"_genesis_hide_title":false,"_genesis_hide_breadcrumbs":false,"_genesis_hide_singular_image":false,"_genesis_hide_footer_widgets":false,"_genesis_custom_body_class":"","_genesis_custom_post_class":"","_genesis_layout":"","_jetpack_memberships_contains_paid_content":false,"footnotes":""},"categories":[22],"tags":[],"class_list":{"0":"post-3891","1":"post","2":"type-post","3":"status-publish","4":"format-standard","6":"category-brasil","7":"entry","8":"gs-1","9":"gs-odd","10":"gs-even","11":"gs-featured-content-entry"},"jetpack_featured_media_url":"","jetpack_sharing_enabled":true,"jetpack_likes_enabled":true,"_links":{"self":[{"href":"https:\/\/www.redenoticia.com.br\/noticia\/wp-json\/wp\/v2\/posts\/3891","targetHints":{"allow":["GET"]}}],"collection":[{"href":"https:\/\/www.redenoticia.com.br\/noticia\/wp-json\/wp\/v2\/posts"}],"about":[{"href":"https:\/\/www.redenoticia.com.br\/noticia\/wp-json\/wp\/v2\/types\/post"}],"author":[{"embeddable":true,"href":"https:\/\/www.redenoticia.com.br\/noticia\/wp-json\/wp\/v2\/users\/3"}],"replies":[{"embeddable":true,"href":"https:\/\/www.redenoticia.com.br\/noticia\/wp-json\/wp\/v2\/comments?post=3891"}],"version-history":[{"count":0,"href":"https:\/\/www.redenoticia.com.br\/noticia\/wp-json\/wp\/v2\/posts\/3891\/revisions"}],"wp:attachment":[{"href":"https:\/\/www.redenoticia.com.br\/noticia\/wp-json\/wp\/v2\/media?parent=3891"}],"wp:term":[{"taxonomy":"category","embeddable":true,"href":"https:\/\/www.redenoticia.com.br\/noticia\/wp-json\/wp\/v2\/categories?post=3891"},{"taxonomy":"post_tag","embeddable":true,"href":"https:\/\/www.redenoticia.com.br\/noticia\/wp-json\/wp\/v2\/tags?post=3891"}],"curies":[{"name":"wp","href":"https:\/\/api.w.org\/{rel}","templated":true}]}}