{"id":3871,"date":"2009-06-26T13:09:16","date_gmt":"2009-06-26T17:09:16","guid":{"rendered":"http:\/\/www.redenoticia.com.br\/noticia\/?p=3871"},"modified":"2009-06-26T13:09:16","modified_gmt":"2009-06-26T17:09:16","slug":"inscricao-para-sbpc-pode-ser-feita-pela-internet-ate-o-dia-2-de-julho","status":"publish","type":"post","link":"https:\/\/www.redenoticia.com.br\/noticia\/2009\/inscricao-para-sbpc-pode-ser-feita-pela-internet-ate-o-dia-2-de-julho\/3871","title":{"rendered":"Inscri\u00e7\u00e3o para SBPC pode ser feita pela internet at\u00e9 o dia 2 de julho"},"content":{"rendered":"<p><span style=\"font-size: 11pt; font-family: Arial;\">A inscri\u00e7\u00e3o para 61\u00aa Reuni\u00e3o Anual da Sociedade Brasileira para o Progresso da Ci\u00eancia (SBPC), que se realiza de 12 a 17 de julho na Universidade Federal do Amazonas (Ufam), em Manaus (AM), pode ser feita pela internet at\u00e9 o dia 2 de julho <strong><span style=\"font-family: Arial;\"><a href=\"http:\/\/www.sbpcnet.org.br\/manaus\/%20\"><span style=\"color: windowtext;\">aqui. <\/span><span style=\"color: windowtext; text-decoration: none;\"><br \/>\n<\/span><\/a><\/span><\/strong><br \/>\nS\u00f3cios da SBPC nas categorias estudante, professor da educa\u00e7\u00e3o b\u00e1sica ou t\u00e9cnica e s\u00f3cio de sociedades associadas \u00e0 SBPC pagam R$ 40. J\u00e1 os s\u00f3cios na categoria professor de educa\u00e7\u00e3o superior e outros profissionais pagam R$ 80. N\u00e3o s\u00f3cios, nas respectivas categorias, pagam R$ 70 e R$ 140. Novos associados tamb\u00e9m ganham desconto no valor da anuidade e da inscri\u00e7\u00e3o para o evento.<\/p>\n<p>A 61\u00aa Reuni\u00e3o Anual da SBPC, cujo tema \u00e9 Amaz\u00f4nia: Ci\u00eancia e Cultura, ter\u00e1\u00a0175 atividades, entre confer\u00eancias, simp\u00f3sios, mesas-redondas, grupos de trabalho, encontros e sess\u00f5es especiais, al\u00e9m de cinco sess\u00f5es de p\u00f4steres, nas quais est\u00e3o previstas a apresenta\u00e7\u00e3o de mais de dois mil trabalhos cient\u00edficos. Tamb\u00e9m ser\u00e3o oferecidos 49 minicursos.<\/p>\n<p>Al\u00e9m da programa\u00e7\u00e3o s\u00eanior, que inclui propostas de atividades de cerca de 40 sociedades cient\u00edficas, a Reuni\u00e3o tamb\u00e9m ter\u00e1\u00a0eventos paralelos: SBPC Jovem, programa\u00e7\u00e3o voltada para estudantes da rede de ensino b\u00e1sica; ExpoT&amp;C, mostra de projetos de ci\u00eancia e tecnologia; SBPC Cultural, atividades com \u00eanfase nas express\u00f5es e valores art\u00edsticos locais e regionais; e Feira de Livros, espa\u00e7o para editoras e livrarias.<\/span><\/p>\n","protected":false},"excerpt":{"rendered":"<p>A inscri\u00e7\u00e3o para 61\u00aa Reuni\u00e3o Anual da Sociedade Brasileira para o Progresso da Ci\u00eancia (SBPC), que se realiza de 12 a 17 de julho na Universidade Federal do Amazonas (Ufam), em Manaus (AM), pode ser feita pela internet at\u00e9 o dia 2 de julho aqui. S\u00f3cios da SBPC nas categorias estudante, professor da educa\u00e7\u00e3o b\u00e1sica [&hellip;]<\/p>\n","protected":false},"author":3,"featured_media":0,"comment_status":"open","ping_status":"open","sticky":false,"template":"","format":"standard","meta":{"_genesis_hide_title":false,"_genesis_hide_breadcrumbs":false,"_genesis_hide_singular_image":false,"_genesis_hide_footer_widgets":false,"_genesis_custom_body_class":"","_genesis_custom_post_class":"","_genesis_layout":"","_jetpack_memberships_contains_paid_content":false,"footnotes":""},"categories":[22],"tags":[],"class_list":{"0":"post-3871","1":"post","2":"type-post","3":"status-publish","4":"format-standard","6":"category-brasil","7":"entry","8":"gs-1","9":"gs-odd","10":"gs-even","11":"gs-featured-content-entry"},"jetpack_featured_media_url":"","jetpack_sharing_enabled":true,"jetpack_likes_enabled":true,"_links":{"self":[{"href":"https:\/\/www.redenoticia.com.br\/noticia\/wp-json\/wp\/v2\/posts\/3871","targetHints":{"allow":["GET"]}}],"collection":[{"href":"https:\/\/www.redenoticia.com.br\/noticia\/wp-json\/wp\/v2\/posts"}],"about":[{"href":"https:\/\/www.redenoticia.com.br\/noticia\/wp-json\/wp\/v2\/types\/post"}],"author":[{"embeddable":true,"href":"https:\/\/www.redenoticia.com.br\/noticia\/wp-json\/wp\/v2\/users\/3"}],"replies":[{"embeddable":true,"href":"https:\/\/www.redenoticia.com.br\/noticia\/wp-json\/wp\/v2\/comments?post=3871"}],"version-history":[{"count":0,"href":"https:\/\/www.redenoticia.com.br\/noticia\/wp-json\/wp\/v2\/posts\/3871\/revisions"}],"wp:attachment":[{"href":"https:\/\/www.redenoticia.com.br\/noticia\/wp-json\/wp\/v2\/media?parent=3871"}],"wp:term":[{"taxonomy":"category","embeddable":true,"href":"https:\/\/www.redenoticia.com.br\/noticia\/wp-json\/wp\/v2\/categories?post=3871"},{"taxonomy":"post_tag","embeddable":true,"href":"https:\/\/www.redenoticia.com.br\/noticia\/wp-json\/wp\/v2\/tags?post=3871"}],"curies":[{"name":"wp","href":"https:\/\/api.w.org\/{rel}","templated":true}]}}