{"id":3831,"date":"2009-06-25T22:23:26","date_gmt":"2009-06-26T02:23:26","guid":{"rendered":"http:\/\/www.redenoticia.com.br\/noticia\/?p=3831"},"modified":"2009-06-25T23:19:40","modified_gmt":"2009-06-26T03:19:40","slug":"editora-leitura-lanca-obra-da-colecao-almanaque-brasil-em-se-plantando-tudo-da","status":"publish","type":"post","link":"https:\/\/www.redenoticia.com.br\/noticia\/2009\/editora-leitura-lanca-obra-da-colecao-almanaque-brasil-em-se-plantando-tudo-da\/3831","title":{"rendered":"Editora Leitura lan\u00e7a obra da cole\u00e7\u00e3o Almanaque Brasil &#8220;Em se plantando tudo d\u00e1&#8221;"},"content":{"rendered":"<p>\u00c9 com enorme prazer que a Editora Leitura lan\u00e7a em parceria com o Almanaque Brasil de Cultura Popular \u2013 uma aut\u00eantica e reconhecida cria\u00e7\u00e3o de Elifas Andreato \u2013 o \u201cEm se plantando tudo d\u00e1\u201d, com textos de Mylton Severiano e Katia Reinisch, al\u00e9m da soma de belas imagens registradas por Iolanda Huzak.<\/p>\n<p>O livro \u00e9 um novo formato de almanaque sobre plantas e frutos que chega com dicas e informa\u00e7\u00f5es ricas em pesquisa de preciosidades do Pa\u00eds: Ip\u00ea-Amarelo; Pau-Brasil; Cana-de-A\u00e7\u00facar; Mandioca; A\u00e7a\u00ed; Cacau; Caf\u00e9; Banana; Seringueira; Milho; Arauc\u00e1ria; Castanheira-do-Par\u00e1; Amoreira; Cupua\u00e7u; Maracuj\u00e1; Amoreira; Cupua\u00e7u; Maracuj\u00e1; Uva; Batata-Inglesa; Feij\u00e3o; Goiaba e Orqu\u00eddea.<\/p>\n<p>Os textos s\u00e3o de lev\u00edssima leitura, ora em prosa\u00a0<em>\u201cAlegria para os olhos. O amarelo das flores sobre o verde das matas certamente inspirou os criados de nossa bandeira. Cura para o corpo, ben\u00e7\u00e3o para a alma. Ao anunciar a primavera em pleno inverno, representa o eterno renascer da vida\u201d,<\/em> ora em pesquisa\u00a0<em>\u201cOs \u00edndios chamavam de Ibira pitanga, pau vermelho; os portugu\u00eas de pau-brasil; tamb\u00e9m por causa de seu pigmento \u2018cor de brasa\u2019 \u2013 \u2018brasil\u2019. A \u00c1rvore Nacional trazia dentro de si a pr\u00f3pria perdi\u00e7\u00e3o. Sua riqueza interior quase a levou ao desaparecimento\u201d.<\/em><br \/>\nO \u201cEm se plantando tudo d\u00e1\u201d, tamb\u00e9m est\u00e1 atualizado e carregado de curiosidades. Voc\u00ea sabe qual \u00e9 a estrela do momento? \u00c9 o alimento b\u00e1sico do nortista; comida misturada com farinha e saboreada pelos \u00edndios h\u00e1 mil\u00eanios. Mas, desde que os surfistas nos anos 1990 descobriram, o \u201cA\u00e7a\u00ed\u201d, virou a sensa\u00e7\u00e3o. Os Estados Unidos anunciam como \u201co novo, maravilhoso fruto da Amaz\u00f4nia\u201d.<\/p>\n<p>A palmeira que, h\u00e1 190 anos, o bot\u00e2nico alem\u00e3o Von Martius batizou como Euterpe oleracea, o popular a\u00e7aizeiro, gosta de v\u00e1rzeas \u00famidas e terrenos alagados \u2013 est\u00e3o espalhadas pela Amaz\u00f4nia, mais nas margens dos rios. Bom para os maranhenses, amapaenses, paraenses e amazonenses. \u00c9 nestes dom\u00ednios, conta o autor Mylton Severiano, que se concentram a fruta que alimenta e vem conquistando paladares at\u00e9 long\u00ednqua Austr\u00e1lia.<\/p>\n<p>Cada t\u00f3pico desta obra encanta por sua diversidade. Severiano conseguiu somar tudo o que um bom texto precisa ter, informa\u00e7\u00e3o, entrevistas, dicas e ainda um saiba mais, para voc\u00ea viajar pelo conhecimento que \u00e9 infinito, claro. Na se\u00e7\u00e3o \u201cMaracuj\u00e1\u201d, por exemplo, al\u00e9m da hist\u00f3ria da fruta, valores nutricionais, indica\u00e7\u00f5es, contra-indica\u00e7\u00f5es, variedades, voc\u00ea vai saber que no princ\u00edpio elas eram brancas. \u201c<em>Reza a lenda crist\u00e3 que um p\u00e9 de maracuj\u00e1 surgiu ao p\u00e9 da cruz e o sangue de Jesus tingiu-lhe as flores, que eram brancas. A planta chegou a Roma no s\u00e9culo 17, levada por sacerdotes brasileiros e oferecida ao papa Paulo V (1605-1621), que se ajoelhou diante da \u201crevela\u00e7\u00e3o divina\u201d.<\/em><\/p>\n","protected":false},"excerpt":{"rendered":"<p>\u00c9 com enorme prazer que a Editora Leitura lan\u00e7a em parceria com o Almanaque Brasil de Cultura Popular \u2013 uma aut\u00eantica e reconhecida cria\u00e7\u00e3o de Elifas Andreato \u2013 o \u201cEm se plantando tudo d\u00e1\u201d, com textos de Mylton Severiano e Katia Reinisch, al\u00e9m da soma de belas imagens registradas por Iolanda Huzak. O livro \u00e9 [&hellip;]<\/p>\n","protected":false},"author":2,"featured_media":0,"comment_status":"open","ping_status":"open","sticky":false,"template":"","format":"standard","meta":{"_genesis_hide_title":false,"_genesis_hide_breadcrumbs":false,"_genesis_hide_singular_image":false,"_genesis_hide_footer_widgets":false,"_genesis_custom_body_class":"","_genesis_custom_post_class":"","_genesis_layout":"","_jetpack_memberships_contains_paid_content":false,"footnotes":""},"categories":[22],"tags":[],"class_list":{"0":"post-3831","1":"post","2":"type-post","3":"status-publish","4":"format-standard","6":"category-brasil","7":"entry","8":"gs-1","9":"gs-odd","10":"gs-even","11":"gs-featured-content-entry"},"jetpack_featured_media_url":"","jetpack_sharing_enabled":true,"jetpack_likes_enabled":true,"_links":{"self":[{"href":"https:\/\/www.redenoticia.com.br\/noticia\/wp-json\/wp\/v2\/posts\/3831","targetHints":{"allow":["GET"]}}],"collection":[{"href":"https:\/\/www.redenoticia.com.br\/noticia\/wp-json\/wp\/v2\/posts"}],"about":[{"href":"https:\/\/www.redenoticia.com.br\/noticia\/wp-json\/wp\/v2\/types\/post"}],"author":[{"embeddable":true,"href":"https:\/\/www.redenoticia.com.br\/noticia\/wp-json\/wp\/v2\/users\/2"}],"replies":[{"embeddable":true,"href":"https:\/\/www.redenoticia.com.br\/noticia\/wp-json\/wp\/v2\/comments?post=3831"}],"version-history":[{"count":0,"href":"https:\/\/www.redenoticia.com.br\/noticia\/wp-json\/wp\/v2\/posts\/3831\/revisions"}],"wp:attachment":[{"href":"https:\/\/www.redenoticia.com.br\/noticia\/wp-json\/wp\/v2\/media?parent=3831"}],"wp:term":[{"taxonomy":"category","embeddable":true,"href":"https:\/\/www.redenoticia.com.br\/noticia\/wp-json\/wp\/v2\/categories?post=3831"},{"taxonomy":"post_tag","embeddable":true,"href":"https:\/\/www.redenoticia.com.br\/noticia\/wp-json\/wp\/v2\/tags?post=3831"}],"curies":[{"name":"wp","href":"https:\/\/api.w.org\/{rel}","templated":true}]}}