{"id":3812,"date":"2009-06-25T19:14:39","date_gmt":"2009-06-25T23:14:39","guid":{"rendered":"http:\/\/www.redenoticia.com.br\/noticia\/?p=3812"},"modified":"2009-06-25T19:15:45","modified_gmt":"2009-06-25T23:15:45","slug":"vale-do-paraiso-inaugura-pontes-e-bueiros-de-concreto","status":"publish","type":"post","link":"https:\/\/www.redenoticia.com.br\/noticia\/2009\/vale-do-paraiso-inaugura-pontes-e-bueiros-de-concreto\/3812","title":{"rendered":"Vale do Para\u00edso inaugura Pontes e Bueiros de concreto"},"content":{"rendered":"<p style=\"line-height: 14.25pt; background: white;\"><span style=\"font-size: 11.0pt; font-family: &quot;Arial&quot;,&quot;sans-serif&quot;; color: black;\">Os deputados, estadual Jesualdo Pires e federal Mauro Nazif visitaram a cidade de Vale do Para\u00edso onde inauguraram junto ao Prefeito Municipal, Charles Pinheiro, a ponte com mais de 30 metros de v\u00e3o sobre o Rio Para\u00edso.<\/span><\/p>\n<p style=\"line-height: 14.25pt; background: white;\"><span><span style=\"font-size: 11.0pt; font-family: &quot;Arial&quot;,&quot;sans-serif&quot;; color: black;\">A obra \u00e9 uma indica\u00e7\u00e3o do deputado Jesualdo Pires com investimentos de uma emenda de R$ 150 mil do deputado Federal Mauro Nazif. Al\u00e9m da obra da ponte de bate estaca, tamb\u00e9m foram recuperados tr\u00eas bueiros em concreto na linha 199.<\/span><\/span><\/p>\n<p style=\"line-height: 14.25pt; background: white;\"><span><span style=\"font-size: 11.0pt; font-family: &quot;Arial&quot;,&quot;sans-serif&quot;; color: black;\">Charles ressaltou o empenho dos parlamentares em contribu\u00edrem com a popula\u00e7\u00e3o da cidade alocando recursos para o munic\u00edpio.<\/span><\/span><\/p>\n<p style=\"line-height: 14.25pt; background: white;\"><span><span style=\"font-size: 11.0pt; font-family: &quot;Arial&quot;,&quot;sans-serif&quot;; color: black;\">TANQUES &#8211; Ap\u00f3s a visita, os deputados seguiram para a cidade de Vale do Anai onde entregaram um tanques de resfriamento de leite para a associa\u00e7\u00e3o rural do assentamento Palma Arruda, onde est\u00e3o assentadas 435 fam\u00edlias e um tanque de resfriamento para Associa\u00e7\u00e3o de Produtores da Linha 605, na cidade de Jaru.<\/span><\/span><\/p>\n<p style=\"line-height: 14.25pt; background: white;\"><span><span style=\"font-size: 11.0pt; font-family: &quot;Arial&quot;,&quot;sans-serif&quot;; color: black;\">Jesualdo Pires (PSB), lembrou que tem destinado parte de suas emendas para apoiar as associa\u00e7\u00f5es de produtores, especialmente devido as dificuldades encontrada pelos agricultores em adquirir tanques de resfriamento e atender as exig\u00eancias do Minist\u00e9rio da Agricultura.<\/span><\/span><\/p>\n","protected":false},"excerpt":{"rendered":"<p>Os deputados, estadual Jesualdo Pires e federal Mauro Nazif visitaram a cidade de Vale do Para\u00edso onde inauguraram junto ao Prefeito Municipal, Charles Pinheiro, a ponte com mais de 30 metros de v\u00e3o sobre o Rio Para\u00edso. A obra \u00e9 uma indica\u00e7\u00e3o do deputado Jesualdo Pires com investimentos de uma emenda de R$ 150 mil [&hellip;]<\/p>\n","protected":false},"author":2,"featured_media":0,"comment_status":"open","ping_status":"open","sticky":false,"template":"","format":"standard","meta":{"_genesis_hide_title":false,"_genesis_hide_breadcrumbs":false,"_genesis_hide_singular_image":false,"_genesis_hide_footer_widgets":false,"_genesis_custom_body_class":"","_genesis_custom_post_class":"","_genesis_layout":"","_jetpack_memberships_contains_paid_content":false,"footnotes":""},"categories":[22],"tags":[],"class_list":{"0":"post-3812","1":"post","2":"type-post","3":"status-publish","4":"format-standard","6":"category-brasil","7":"entry","8":"gs-1","9":"gs-odd","10":"gs-even","11":"gs-featured-content-entry"},"jetpack_featured_media_url":"","jetpack_sharing_enabled":true,"jetpack_likes_enabled":true,"_links":{"self":[{"href":"https:\/\/www.redenoticia.com.br\/noticia\/wp-json\/wp\/v2\/posts\/3812","targetHints":{"allow":["GET"]}}],"collection":[{"href":"https:\/\/www.redenoticia.com.br\/noticia\/wp-json\/wp\/v2\/posts"}],"about":[{"href":"https:\/\/www.redenoticia.com.br\/noticia\/wp-json\/wp\/v2\/types\/post"}],"author":[{"embeddable":true,"href":"https:\/\/www.redenoticia.com.br\/noticia\/wp-json\/wp\/v2\/users\/2"}],"replies":[{"embeddable":true,"href":"https:\/\/www.redenoticia.com.br\/noticia\/wp-json\/wp\/v2\/comments?post=3812"}],"version-history":[{"count":0,"href":"https:\/\/www.redenoticia.com.br\/noticia\/wp-json\/wp\/v2\/posts\/3812\/revisions"}],"wp:attachment":[{"href":"https:\/\/www.redenoticia.com.br\/noticia\/wp-json\/wp\/v2\/media?parent=3812"}],"wp:term":[{"taxonomy":"category","embeddable":true,"href":"https:\/\/www.redenoticia.com.br\/noticia\/wp-json\/wp\/v2\/categories?post=3812"},{"taxonomy":"post_tag","embeddable":true,"href":"https:\/\/www.redenoticia.com.br\/noticia\/wp-json\/wp\/v2\/tags?post=3812"}],"curies":[{"name":"wp","href":"https:\/\/api.w.org\/{rel}","templated":true}]}}