{"id":37945,"date":"2012-01-20T13:03:10","date_gmt":"2012-01-20T15:03:10","guid":{"rendered":"http:\/\/www.redenoticia.com.br\/noticia\/?p=37945"},"modified":"2012-01-20T13:03:10","modified_gmt":"2012-01-20T15:03:10","slug":"enem-2011-justica-federal-do-rio-nega-direito-de-vistas-a-redacao","status":"publish","type":"post","link":"https:\/\/www.redenoticia.com.br\/noticia\/2012\/enem-2011-justica-federal-do-rio-nega-direito-de-vistas-a-redacao\/37945","title":{"rendered":"Enem 2011 &#8211; Justi\u00e7a Federal do Rio nega direito de vistas \u00e0 reda\u00e7\u00e3o"},"content":{"rendered":"<p><em><strong><img loading=\"lazy\" decoding=\"async\" class=\"alignleft size-full wp-image-36938\" title=\"enem gabarito resultado\" src=\"https:\/\/www.redenoticia.com.br\/noticia\/imagens\/enem-gabarito-resultado.jpg\" alt=\"\" width=\"300\" height=\"193\" srcset=\"https:\/\/www.redenoticia.com.br\/noticia\/imagens\/enem-gabarito-resultado.jpg 300w, https:\/\/www.redenoticia.com.br\/noticia\/imagens\/enem-gabarito-resultado-250x161.jpg 250w, https:\/\/www.redenoticia.com.br\/noticia\/imagens\/enem-gabarito-resultado-150x97.jpg 150w\" sizes=\"auto, (max-width: 300px) 100vw, 300px\" \/>Enem 2011<\/strong><\/em> &#8211; o\u00a0juiz federal da 22\u00aa Vara Federal do Rio de Janeiro, Rafael de Souza Pereira Pinto, indeferiu o pedido liminar da a\u00e7\u00e3o civil p\u00fablica de vistas \u00e0 prova de reda\u00e7\u00e3o do Exame Nacional do Ensino M\u00e9dio (Enem), edi\u00e7\u00e3o 2011, proposta pela Defensoria P\u00fablica da Uni\u00e3o. \u201cN\u00e3o h\u00e1 que se falar em direito subjetivo do candidato \u00e0 interposi\u00e7\u00e3o de recurso administrativo, visando \u00e0 revis\u00e3o de notas, notadamente caso o edital n\u00e3o contemple tal possibilidade, como \u00e9 o caso aqui analisado\u201d, entendeu o magistrado.<\/p>\n<p>Pereira Pinto analisou ainda que o edital do Enem foi publicado h\u00e1 diversos meses, raz\u00e3o pela qual o conte\u00fado poderia ter sido impugnado. \u201cN\u00e3o me parecendo razo\u00e1vel que somente agora, ap\u00f3s a realiza\u00e7\u00e3o de todas as provas, e \u00e0s v\u00e9speras do encerramento do prazo de inscri\u00e7\u00e3o no Sisu, a Defensoria P\u00fablica da Uni\u00e3o venha a Ju\u00edzo questionar a legalidade de cl\u00e1usulas edital\u00edcias, em rela\u00e7\u00e3o \u00e0s quais, \u00e9 v\u00e1lido acentuar, h\u00e1 muito possu\u00eda pr\u00e9via ci\u00eancia\u201d.<\/p>\n<p>O magistrado considerou tamb\u00e9m a amplitude nacional do exame. \u201cDeveras, n\u00e3o se pode desprezar o fato de que o concurso em apre\u00e7o revela-se de amplitude nacional, contando com mais de 6 milh\u00f5es de inscritos&#8230;, raz\u00e3o pela qual a possibilidade de franquear vista de provas a todos os participantes, bem assim de oportunizar a interposi\u00e7\u00e3o de recursos volunt\u00e1rios, constituiria procedimento de dif\u00edcil viabiliza\u00e7\u00e3o na pr\u00e1tica, para al\u00e9m de comprometer severamente o cronograma do Enem ou, ao menos, poderia vir a torn\u00e1-lo de dif\u00edcil implementa\u00e7\u00e3o\u201d.<\/p>\n<p>Assessoria de Comunica\u00e7\u00e3o Social MEC<\/p>\n","protected":false},"excerpt":{"rendered":"<p>Enem 2011 &#8211; o\u00a0juiz federal da 22\u00aa Vara Federal do Rio de Janeiro, Rafael de Souza Pereira Pinto, indeferiu o pedido liminar da a\u00e7\u00e3o civil p\u00fablica de vistas \u00e0 prova de reda\u00e7\u00e3o do Exame Nacional do Ensino M\u00e9dio (Enem), edi\u00e7\u00e3o 2011, proposta pela Defensoria P\u00fablica da Uni\u00e3o. \u201cN\u00e3o h\u00e1 que se falar em direito subjetivo [&hellip;]<\/p>\n","protected":false},"author":3,"featured_media":36938,"comment_status":"open","ping_status":"closed","sticky":false,"template":"","format":"standard","meta":{"_genesis_hide_title":false,"_genesis_hide_breadcrumbs":false,"_genesis_hide_singular_image":false,"_genesis_hide_footer_widgets":false,"_genesis_custom_body_class":"","_genesis_custom_post_class":"","_genesis_layout":"","_jetpack_memberships_contains_paid_content":false,"footnotes":""},"categories":[22,370,295],"tags":[],"class_list":{"0":"post-37945","1":"post","2":"type-post","3":"status-publish","4":"format-standard","5":"has-post-thumbnail","7":"category-brasil","8":"category-inscricao","9":"category-vestibular","10":"entry","11":"gs-1","12":"gs-odd","13":"gs-even","14":"gs-featured-content-entry"},"jetpack_featured_media_url":"https:\/\/www.redenoticia.com.br\/noticia\/imagens\/enem-gabarito-resultado.jpg","jetpack_sharing_enabled":true,"jetpack_likes_enabled":true,"_links":{"self":[{"href":"https:\/\/www.redenoticia.com.br\/noticia\/wp-json\/wp\/v2\/posts\/37945","targetHints":{"allow":["GET"]}}],"collection":[{"href":"https:\/\/www.redenoticia.com.br\/noticia\/wp-json\/wp\/v2\/posts"}],"about":[{"href":"https:\/\/www.redenoticia.com.br\/noticia\/wp-json\/wp\/v2\/types\/post"}],"author":[{"embeddable":true,"href":"https:\/\/www.redenoticia.com.br\/noticia\/wp-json\/wp\/v2\/users\/3"}],"replies":[{"embeddable":true,"href":"https:\/\/www.redenoticia.com.br\/noticia\/wp-json\/wp\/v2\/comments?post=37945"}],"version-history":[{"count":0,"href":"https:\/\/www.redenoticia.com.br\/noticia\/wp-json\/wp\/v2\/posts\/37945\/revisions"}],"wp:featuredmedia":[{"embeddable":true,"href":"https:\/\/www.redenoticia.com.br\/noticia\/wp-json\/wp\/v2\/media\/36938"}],"wp:attachment":[{"href":"https:\/\/www.redenoticia.com.br\/noticia\/wp-json\/wp\/v2\/media?parent=37945"}],"wp:term":[{"taxonomy":"category","embeddable":true,"href":"https:\/\/www.redenoticia.com.br\/noticia\/wp-json\/wp\/v2\/categories?post=37945"},{"taxonomy":"post_tag","embeddable":true,"href":"https:\/\/www.redenoticia.com.br\/noticia\/wp-json\/wp\/v2\/tags?post=37945"}],"curies":[{"name":"wp","href":"https:\/\/api.w.org\/{rel}","templated":true}]}}