{"id":37901,"date":"2012-01-16T16:12:26","date_gmt":"2012-01-16T18:12:26","guid":{"rendered":"http:\/\/www.redenoticia.com.br\/noticia\/?p=37901"},"modified":"2012-01-16T16:12:26","modified_gmt":"2012-01-16T18:12:26","slug":"fundacao-casa-oferece-73-cursos-de-qualificacao-profissional","status":"publish","type":"post","link":"https:\/\/www.redenoticia.com.br\/noticia\/2012\/fundacao-casa-oferece-73-cursos-de-qualificacao-profissional\/37901","title":{"rendered":"Funda\u00e7\u00e3o CASA oferece 73 cursos de qualifica\u00e7\u00e3o profissional"},"content":{"rendered":"<p><img loading=\"lazy\" decoding=\"async\" class=\"alignleft size-full wp-image-36265\" title=\"aluno b\" src=\"https:\/\/www.redenoticia.com.br\/noticia\/imagens\/aluno-b.jpg\" alt=\"\" width=\"300\" height=\"193\" srcset=\"https:\/\/www.redenoticia.com.br\/noticia\/imagens\/aluno-b.jpg 300w, https:\/\/www.redenoticia.com.br\/noticia\/imagens\/aluno-b-250x161.jpg 250w, https:\/\/www.redenoticia.com.br\/noticia\/imagens\/aluno-b-150x97.jpg 150w\" sizes=\"auto, (max-width: 300px) 100vw, 300px\" \/>A <em><strong>capacita\u00e7\u00e3o profissional<\/strong><\/em> \u00e9 importante para inserir os jovens no mercado de trabalho. Visando a socializa\u00e7\u00e3o dos adolescentes que cumprem medida socioeducativa de interna\u00e7\u00e3o no Estado de S\u00e3o Paulo, a Funda\u00e7\u00e3o CASA vai oferecer 73 cursos de qualifica\u00e7\u00e3o aos jovens no ano de 2012. Neste ano, as aulas come\u00e7am nesta segunda-feira, dia 16.<\/p>\n<p>Ao todo, v\u00e3o ser montadas 2 mil turmas. Cada uma ser\u00e1 formada em m\u00e9dia por 10 adolescentes, que poder\u00e3o participar de todos os cursos oferecidos, de acordo seus interesses e com as vagas existentes. &#8220;Em 2012, como nos anos anteriores, 100% dos adolescentes que est\u00e3o na Funda\u00e7\u00e3o CASA ter\u00e3o acessos aos cursos&#8221;, ressalta Berenice Giannella, presidente da Funda\u00e7\u00e3o CASA.<\/p>\n<p>Os cursos s\u00e3o oferecidos por meio da Ger\u00eancia de Educa\u00e7\u00e3o Profissional da CASA e ser\u00e3o ministrados em quatro ciclos. O primeiro inicia no dia 16 deste m\u00eas e vai at\u00e9 30 de mar\u00e7o. O segundo acontece de 4 de abril a 26 de junho. J\u00e1, o terceiro, vai de 9 julho a 21 de setembro. E, o quarto, de 1\u00ba de outubro a 14 de dezembro.<\/p>\n<p>&#8220;A meta do programa de qualifica\u00e7\u00e3o profissional \u00e9 fazer com que os jovens reflitam sobre a import\u00e2ncia da escolariza\u00e7\u00e3o e da continuidade da forma\u00e7\u00e3o profissional&#8221;, comenta Ana Maria Silva, gerente de Educa\u00e7\u00e3o Profissional. &#8220;Quando eles (jovens) forem para o mercado de trabalho ser\u00e3o criadas possibilidades de constru\u00e7\u00e3o de carreiras como trabalhadores conscientes&#8221;.<\/p>\n<p>A carga hor\u00e1ria de cada curso \u00e9 de 54 horas\/aulas na Capital e no interior, 50. &#8220;A educa\u00e7\u00e3o profissional abre novas possibilidades aos adolescentes&#8221;, explica a superintendente pedag\u00f3gica da CASA, Marisa Fortunato. &#8220;Eles t\u00eam contato com um n\u00famero ampliado de profiss\u00f5es, conhecem todas as \u00e1reas de atua\u00e7\u00e3o. Para, ap\u00f3s a desinterna\u00e7\u00e3o, dar continuidade a escolariza\u00e7\u00e3o e prosseguir com o desenvolvimento profissional&#8221;.<\/p>\n<p>O acesso \u00e0 qualifica\u00e7\u00e3o profissional ser\u00e1 em nove \u00e1reas. Entres os cursos est\u00e3o os de administra\u00e7\u00e3o, alimenta\u00e7\u00e3o, artesanato, constru\u00e7\u00e3o e reparos (coloca\u00e7\u00e3o de pisos e azulejos, de gesso, texturiza\u00e7\u00e3o, pintura decorativa, hidr\u00e1ulica), telemarketing, inform\u00e1tica, servi\u00e7os (pintura, marcenaria, mec\u00e2nica de motos, corte e costura), servi\u00e7os pessoais (beleza, est\u00e9tica e sa\u00fade) e, mais recentemente, Esporte e Lazer (cursos forma\u00e7\u00e3o de \u00e1rbitro de futebol e monitor de Esporte e Lazer).<\/p>\n<p>Ana Maria Silva conta que as \u00e1reas e os cursos foram escolhidos ap\u00f3s pesquisa de interesse dos adolescentes e de programas voltados a juventude, de acordo com a Classifica\u00e7\u00e3o Brasileira de Ocupa\u00e7\u00e3o (CBO) e seguem as orienta\u00e7\u00f5es da Organiza\u00e7\u00e3o Internacional do Trabalho (OIT). &#8220;Organizamos os cursos levando em conta essas especificidades e tamb\u00e9m ouvimos os pr\u00f3prios jovens para saber quais cursos eles gostariam de fazer&#8221;, diz Ana<\/p>\n<p>&nbsp;<\/p>\n<p>Qualifica\u00e7\u00e3o profissional na CASA<\/p>\n<p>Nos \u00faltimos quatro anos, por meio da Ger\u00eancia de Educa\u00e7\u00e3o Profissional e de parceiros, a Funda\u00e7\u00e3o CASA realizou 120 mil atendimentos em cursos e oficinas profissionalizantes.<\/p>\n<p>Atualmente os parceiros da CASA na \u00e1rea de inicia\u00e7\u00e3o profissional s\u00e3o a Associa\u00e7\u00e3o Horizontes, que atua nos centros socioeducativos da Capital, Franco da Rocha, Litoral e Guarulhos, e o Centro Paula Souza, que atua nos do interior.<\/p>\n<p>Da Funda\u00e7\u00e3o CASA<\/p>\n","protected":false},"excerpt":{"rendered":"<p>A capacita\u00e7\u00e3o profissional \u00e9 importante para inserir os jovens no mercado de trabalho. Visando a socializa\u00e7\u00e3o dos adolescentes que cumprem medida socioeducativa de interna\u00e7\u00e3o no Estado de S\u00e3o Paulo, a Funda\u00e7\u00e3o CASA vai oferecer 73 cursos de qualifica\u00e7\u00e3o aos jovens no ano de 2012. Neste ano, as aulas come\u00e7am nesta segunda-feira, dia 16. Ao todo, [&hellip;]<\/p>\n","protected":false},"author":3,"featured_media":36265,"comment_status":"open","ping_status":"closed","sticky":false,"template":"","format":"standard","meta":{"_genesis_hide_title":false,"_genesis_hide_breadcrumbs":false,"_genesis_hide_singular_image":false,"_genesis_hide_footer_widgets":false,"_genesis_custom_body_class":"","_genesis_custom_post_class":"","_genesis_layout":"","_jetpack_memberships_contains_paid_content":false,"footnotes":""},"categories":[22],"tags":[],"class_list":{"0":"post-37901","1":"post","2":"type-post","3":"status-publish","4":"format-standard","5":"has-post-thumbnail","7":"category-brasil","8":"entry","9":"gs-1","10":"gs-odd","11":"gs-even","12":"gs-featured-content-entry"},"jetpack_featured_media_url":"https:\/\/www.redenoticia.com.br\/noticia\/imagens\/aluno-b.jpg","jetpack_sharing_enabled":true,"jetpack_likes_enabled":true,"_links":{"self":[{"href":"https:\/\/www.redenoticia.com.br\/noticia\/wp-json\/wp\/v2\/posts\/37901","targetHints":{"allow":["GET"]}}],"collection":[{"href":"https:\/\/www.redenoticia.com.br\/noticia\/wp-json\/wp\/v2\/posts"}],"about":[{"href":"https:\/\/www.redenoticia.com.br\/noticia\/wp-json\/wp\/v2\/types\/post"}],"author":[{"embeddable":true,"href":"https:\/\/www.redenoticia.com.br\/noticia\/wp-json\/wp\/v2\/users\/3"}],"replies":[{"embeddable":true,"href":"https:\/\/www.redenoticia.com.br\/noticia\/wp-json\/wp\/v2\/comments?post=37901"}],"version-history":[{"count":0,"href":"https:\/\/www.redenoticia.com.br\/noticia\/wp-json\/wp\/v2\/posts\/37901\/revisions"}],"wp:featuredmedia":[{"embeddable":true,"href":"https:\/\/www.redenoticia.com.br\/noticia\/wp-json\/wp\/v2\/media\/36265"}],"wp:attachment":[{"href":"https:\/\/www.redenoticia.com.br\/noticia\/wp-json\/wp\/v2\/media?parent=37901"}],"wp:term":[{"taxonomy":"category","embeddable":true,"href":"https:\/\/www.redenoticia.com.br\/noticia\/wp-json\/wp\/v2\/categories?post=37901"},{"taxonomy":"post_tag","embeddable":true,"href":"https:\/\/www.redenoticia.com.br\/noticia\/wp-json\/wp\/v2\/tags?post=37901"}],"curies":[{"name":"wp","href":"https:\/\/api.w.org\/{rel}","templated":true}]}}