{"id":37804,"date":"2012-01-05T10:35:02","date_gmt":"2012-01-05T12:35:02","guid":{"rendered":"http:\/\/www.redenoticia.com.br\/noticia\/?p=37804"},"modified":"2012-01-05T15:38:39","modified_gmt":"2012-01-05T17:38:39","slug":"justica-nega-pedido-do-mp-sobre-descarte-da-redacao-do-enem","status":"publish","type":"post","link":"https:\/\/www.redenoticia.com.br\/noticia\/2012\/justica-nega-pedido-do-mp-sobre-descarte-da-redacao-do-enem\/37804","title":{"rendered":"Justi\u00e7a nega pedido do MP sobre descarte da reda\u00e7\u00e3o do Enem"},"content":{"rendered":"<p><img loading=\"lazy\" decoding=\"async\" class=\"alignleft size-full wp-image-36938\" title=\"enem gabarito resultado\" src=\"https:\/\/www.redenoticia.com.br\/noticia\/imagens\/enem-gabarito-resultado.jpg\" alt=\"\" width=\"300\" height=\"193\" srcset=\"https:\/\/www.redenoticia.com.br\/noticia\/imagens\/enem-gabarito-resultado.jpg 300w, https:\/\/www.redenoticia.com.br\/noticia\/imagens\/enem-gabarito-resultado-250x161.jpg 250w, https:\/\/www.redenoticia.com.br\/noticia\/imagens\/enem-gabarito-resultado-150x97.jpg 150w\" sizes=\"auto, (max-width: 300px) 100vw, 300px\" \/>Bras\u00edlia \u2013 A Justi\u00e7a Federal no Cear\u00e1 negou pedido de liminar feito pelo Minist\u00e9rio P\u00fablico Federal naquele estado para que as <em><strong>notas da reda\u00e7\u00e3o<\/strong><\/em> do Exame Nacional do Ensino M\u00e9dio (<em><strong>Enem<\/strong><\/em>) de 2011 fossem desconsideradas no processo seletivo do Sistema de Sele\u00e7\u00e3o Unificada (Sisu). O juiz Leonardo Rezende Martins considerou o pedido do MPF \u201cdesprovido de suficiente relev\u00e2ncia jur\u00eddica\u201d.<\/p>\n<p>Para o magistrado, cabe \u00e0 administra\u00e7\u00e3o p\u00fablica definir os crit\u00e9rios de avalia\u00e7\u00e3o e n\u00e3o \u00e0 Justi\u00e7a, \u201csalvo quando evidenciado que o dito crit\u00e9rio \u00e9 ilegal e inconstitucional, o que n\u00e3o \u00e9 o caso\u201d, explica na decis\u00e3o. O juiz disse que n\u00e3o houve quebra da isonomia, como argumentou o MPF, j\u00e1 que o mesmo crit\u00e9rio de corre\u00e7\u00e3o das provas \u00e9 aplic\u00e1vel a todos os candidatos e defendeu que alterar as \u201cregras do jogo\u201d depois de realizadas as provas e divulgados os resultados seria uma viola\u00e7\u00e3o do princ\u00edpio.<\/p>\n<p>O MPF defendia que a nota da reda\u00e7\u00e3o deveria ser descartada porque o texto \u00e9 corrigido por uma metodologia diferente das provas objetivas e as notas n\u00e3o poderiam ser combinadas. As quatro provas objetivas do Enem s\u00e3o corrigidas por meio da Teoria da Resposta ao Item (TRI), modelo estat\u00edstico que leva em conta para o c\u00e1lculo da nota n\u00e3o apenas o n\u00famero de acertos do candidato, mas o n\u00edvel de dificuldade de cada item. J\u00e1 a reda\u00e7\u00e3o \u00e9 corrigida pelo formato dos vestibulares tradicionais. Dois professores avaliam o texto e caso haja diverg\u00eancia maior do que 300 pontos \u2013 a nota varia de zero a mil \u2013 um terceiro corretor \u00e9 chamado para avaliar e dar a nota final.<\/p>\n<p>Na mesma a\u00e7\u00e3o, o MPF tamb\u00e9m pediu que o Instituto Nacional de Estudos e Pesquisas Educacionais (Inep), autarquia do Minist\u00e9rio da Educa\u00e7\u00e3o (MEC) respons\u00e1vel pelo Enem, explicitasse os crit\u00e9rios de corre\u00e7\u00e3o das provas objetivas j\u00e1 que houve reclama\u00e7\u00e3o de alguns candidatos a respeito da pontua\u00e7\u00e3o obtida. O juiz Leonardo Martins tamb\u00e9m negou esse pedido sob alega\u00e7\u00e3o de que as informa\u00e7\u00f5es prestadas pelo Inep sobre o funcionamento da TRI foram suficientes.<\/p>\n<p>\u201c\u00c9 claro que um leigo em estat\u00edstica jamais compreender\u00e1 inteiramente o funcionamento dessa complexa metodologia. Por essa raz\u00e3o, n\u00e3o se pode estranhar as manifesta\u00e7\u00f5es cr\u00edticas de estudantes e pais, insatisfeitos com a suposta &#8216;obscuridade&#8217; do exame e de seus resultados. Entretanto, essas incompreens\u00f5es derivadas da percep\u00e7\u00e3o subjetiva dos interessados, naturalmente maculadas pela emo\u00e7\u00e3o, n\u00e3o invalidam o respaldo cient\u00edfico conferido \u00e0 TRI\u201d, diz a decis\u00e3o.<\/p>\n<p>As inscri\u00e7\u00f5es para o Sisu come\u00e7am no s\u00e1bado (7). A ferramenta foi criada pelo MEC em 2009 para unificar o processo de sele\u00e7\u00e3o de universidades p\u00fablicas e permitir ao estudante disputar vagas em diferentes institui\u00e7\u00f5es a partir da nota obtida no Enem. Para o primeiro semestre de 2012, ser\u00e3o oferecidas 108 mil vagas em 95 institui\u00e7\u00f5es.<\/p>\n<p>Amanda Cieglinski<br \/>\nRep\u00f3rter da Ag\u00eancia Brasil<br \/>\nEdi\u00e7\u00e3o: Rivadavia Severo<\/p>\n","protected":false},"excerpt":{"rendered":"<p>Bras\u00edlia \u2013 A Justi\u00e7a Federal no Cear\u00e1 negou pedido de liminar feito pelo Minist\u00e9rio P\u00fablico Federal naquele estado para que as notas da reda\u00e7\u00e3o do Exame Nacional do Ensino M\u00e9dio (Enem) de 2011 fossem desconsideradas no processo seletivo do Sistema de Sele\u00e7\u00e3o Unificada (Sisu). O juiz Leonardo Rezende Martins considerou o pedido do MPF \u201cdesprovido [&hellip;]<\/p>\n","protected":false},"author":3,"featured_media":36938,"comment_status":"open","ping_status":"closed","sticky":false,"template":"","format":"standard","meta":{"_genesis_hide_title":false,"_genesis_hide_breadcrumbs":false,"_genesis_hide_singular_image":false,"_genesis_hide_footer_widgets":false,"_genesis_custom_body_class":"","_genesis_custom_post_class":"","_genesis_layout":"","_jetpack_memberships_contains_paid_content":false,"footnotes":""},"categories":[22,370,295],"tags":[],"class_list":{"0":"post-37804","1":"post","2":"type-post","3":"status-publish","4":"format-standard","5":"has-post-thumbnail","7":"category-brasil","8":"category-inscricao","9":"category-vestibular","10":"entry","11":"gs-1","12":"gs-odd","13":"gs-even","14":"gs-featured-content-entry"},"jetpack_featured_media_url":"https:\/\/www.redenoticia.com.br\/noticia\/imagens\/enem-gabarito-resultado.jpg","jetpack_sharing_enabled":true,"jetpack_likes_enabled":true,"_links":{"self":[{"href":"https:\/\/www.redenoticia.com.br\/noticia\/wp-json\/wp\/v2\/posts\/37804","targetHints":{"allow":["GET"]}}],"collection":[{"href":"https:\/\/www.redenoticia.com.br\/noticia\/wp-json\/wp\/v2\/posts"}],"about":[{"href":"https:\/\/www.redenoticia.com.br\/noticia\/wp-json\/wp\/v2\/types\/post"}],"author":[{"embeddable":true,"href":"https:\/\/www.redenoticia.com.br\/noticia\/wp-json\/wp\/v2\/users\/3"}],"replies":[{"embeddable":true,"href":"https:\/\/www.redenoticia.com.br\/noticia\/wp-json\/wp\/v2\/comments?post=37804"}],"version-history":[{"count":0,"href":"https:\/\/www.redenoticia.com.br\/noticia\/wp-json\/wp\/v2\/posts\/37804\/revisions"}],"wp:featuredmedia":[{"embeddable":true,"href":"https:\/\/www.redenoticia.com.br\/noticia\/wp-json\/wp\/v2\/media\/36938"}],"wp:attachment":[{"href":"https:\/\/www.redenoticia.com.br\/noticia\/wp-json\/wp\/v2\/media?parent=37804"}],"wp:term":[{"taxonomy":"category","embeddable":true,"href":"https:\/\/www.redenoticia.com.br\/noticia\/wp-json\/wp\/v2\/categories?post=37804"},{"taxonomy":"post_tag","embeddable":true,"href":"https:\/\/www.redenoticia.com.br\/noticia\/wp-json\/wp\/v2\/tags?post=37804"}],"curies":[{"name":"wp","href":"https:\/\/api.w.org\/{rel}","templated":true}]}}