{"id":37741,"date":"2011-12-30T15:22:06","date_gmt":"2011-12-30T17:22:06","guid":{"rendered":"http:\/\/www.redenoticia.com.br\/noticia\/?p=37741"},"modified":"2011-12-30T15:22:06","modified_gmt":"2011-12-30T17:22:06","slug":"dicas-de-maquiagem-tendencias-para-compor-o-visual","status":"publish","type":"post","link":"https:\/\/www.redenoticia.com.br\/noticia\/2011\/dicas-de-maquiagem-tendencias-para-compor-o-visual\/37741","title":{"rendered":"Dicas de Maquiagem: tend\u00eancias para compor o visual"},"content":{"rendered":"<p><img loading=\"lazy\" decoding=\"async\" class=\"alignleft size-full wp-image-34460\" title=\"mulher cilio\" src=\"https:\/\/www.redenoticia.com.br\/noticia\/imagens\/mulher-cilio.jpg\" alt=\"\" width=\"300\" height=\"193\" srcset=\"https:\/\/www.redenoticia.com.br\/noticia\/imagens\/mulher-cilio.jpg 300w, https:\/\/www.redenoticia.com.br\/noticia\/imagens\/mulher-cilio-250x160.jpg 250w, https:\/\/www.redenoticia.com.br\/noticia\/imagens\/mulher-cilio-150x96.jpg 150w\" sizes=\"auto, (max-width: 300px) 100vw, 300px\" \/>Nos \u00faltimos dias do ano com os preparativos para o R\u00e9veillon \u00e9 comum esquecer alguns detalhes importantes na hora de escolher o look ideal para a virada do ano. Mas ter alguns itens b\u00e1sicos de <em><strong>maquiagem<\/strong><\/em> e at\u00e9 acompanhar algumas<em><strong> tend\u00eancias<\/strong><\/em> pode representar um importante diferencial na hora de compor o visual.<\/p>\n<p>Pensando tamb\u00e9m no per\u00edodo do ver\u00e3o, que exige alguns cuidados especiais com a pele, a maquiadora Luciana Alves, gerente da Cont\u00e9m 1g do Shopping Mueller, preparou algumas dicas para quem vai passar o Ano Novo na praia. Confira passo a passo a sugest\u00e3o:<\/p>\n<p>1) O primeiro passo \u00e9 limpar, tonificar e hidratar a pele (fluido de limpeza, t\u00f4nico e primer);<br \/>\n2) Para prepar\u00e1-la, use um corretivo l\u00edquido com o toque seco nas olheiras e nas regi\u00f5es que possuem algum tipo de imperfei\u00e7\u00e3o;<br \/>\n3) Em seguida use um p\u00f3 bronzeador com part\u00edculas cintilantes. Isso far\u00e1 com que sua pele fique com um brilho saud\u00e1vel e com uma apar\u00eancia hidratada. Nada de pele opaca;<br \/>\n4) Para completar um efeito bronzeado use blush em tons mais acobreados, quase dourados nas ma\u00e7as do rosto e para iluminar use um iluminador dicrom\u00e1tico (que destaca-se na incid\u00eancia da luz) nas t\u00eamporas.<\/p>\n<p>Acompanhar as tend\u00eancias tamb\u00e9m \u00e9 importante. \u201cNeste ver\u00e3o os destaques s\u00e3o os gloss de todas as cores, texturas e acabamentos. Usar e abusar destas novidades proporcionar\u00e1 ao seu look um ar mais fresco\u201d, explica Luciana. O ideal, segundo a gerente da Cont\u00e9m 1g \u00e9 contornar os l\u00e1bios com o l\u00e1pis barreira invis\u00edvel evitando que o mesmo n\u00e3o ultrapasse as linhas labiais. \u201cUma dica importante: combine o tom das ma\u00e7\u00e3s do rosto com o dos l\u00e1bios, isso far\u00e1 com que sua make fique mais harmoniosa\u201d, completa a maquiadora.<br \/>\nPara finalizar, ela ainda d\u00e1 algumas dicas para quem quer destacar os olhos.<\/p>\n<p>1) Abuse dos glitters, al\u00e9m de sua p\u00e1lpebra ficar iluminada, seu visual ganha um toque especial. E n\u00e3o esque\u00e7a que o creme fixador \u00e9 essencial, pois ajudar\u00e1 a fixar o glitter;<br \/>\n2) Aplique generosas camadas de m\u00e1scara nos c\u00edlios superiores e inferiores;<br \/>\n3) As sobrancelhas tamb\u00e9m merecem aten\u00e7\u00e3o, sendo assim, utilize uma sombra espec\u00edfica para essa finalidade.<br \/>\n4) E para finalizar, aplique o fixador de maquiagem por toda a extens\u00e3o do rosto, permitindo que voc\u00ea dance na areia, pule as ondas e continue linda!<\/p>\n<p>Curso de automaquiagem<\/p>\n<p>E para aquelas que t\u00eam interesse em descobrir as possibilidades da maquiagem no dia a dia ou mesmo aprender o b\u00e1sico, a Cont\u00e9m 1g tem cursos de automaquiagem individuais ou para pequenos grupos. \u201cAtualmente temos quatro cursos dispon\u00edveis: Iniciante, Mineral, Noite e Olhos. E todas as interessadas podem ligar, conhecer o site ou mesmo vir at\u00e9 a loja para conhecer melhor este trabalho\u201d, explica Luciana.<\/p>\n<p>Servi\u00e7o:<br \/>\nCont\u00e9m 1g<br \/>\nLocal: Shopping Mueller (Av. C\u00e2ndido de Abreu, 127 Centro C\u00edvico)<br \/>\nContato: 3323-7619 ou <a href=\"http:\/\/www.contem1g.com.br\" target=\"_blank\">www.contem1g.com.br<\/a><\/p>\n","protected":false},"excerpt":{"rendered":"<p>Nos \u00faltimos dias do ano com os preparativos para o R\u00e9veillon \u00e9 comum esquecer alguns detalhes importantes na hora de escolher o look ideal para a virada do ano. Mas ter alguns itens b\u00e1sicos de maquiagem e at\u00e9 acompanhar algumas tend\u00eancias pode representar um importante diferencial na hora de compor o visual. Pensando tamb\u00e9m no [&hellip;]<\/p>\n","protected":false},"author":3,"featured_media":34460,"comment_status":"open","ping_status":"closed","sticky":false,"template":"","format":"standard","meta":{"_genesis_hide_title":false,"_genesis_hide_breadcrumbs":false,"_genesis_hide_singular_image":false,"_genesis_hide_footer_widgets":false,"_genesis_custom_body_class":"","_genesis_custom_post_class":"","_genesis_layout":"","_jetpack_memberships_contains_paid_content":false,"footnotes":""},"categories":[22],"tags":[],"class_list":{"0":"post-37741","1":"post","2":"type-post","3":"status-publish","4":"format-standard","5":"has-post-thumbnail","7":"category-brasil","8":"entry","9":"gs-1","10":"gs-odd","11":"gs-even","12":"gs-featured-content-entry"},"jetpack_featured_media_url":"https:\/\/www.redenoticia.com.br\/noticia\/imagens\/mulher-cilio.jpg","jetpack_sharing_enabled":true,"jetpack_likes_enabled":true,"_links":{"self":[{"href":"https:\/\/www.redenoticia.com.br\/noticia\/wp-json\/wp\/v2\/posts\/37741","targetHints":{"allow":["GET"]}}],"collection":[{"href":"https:\/\/www.redenoticia.com.br\/noticia\/wp-json\/wp\/v2\/posts"}],"about":[{"href":"https:\/\/www.redenoticia.com.br\/noticia\/wp-json\/wp\/v2\/types\/post"}],"author":[{"embeddable":true,"href":"https:\/\/www.redenoticia.com.br\/noticia\/wp-json\/wp\/v2\/users\/3"}],"replies":[{"embeddable":true,"href":"https:\/\/www.redenoticia.com.br\/noticia\/wp-json\/wp\/v2\/comments?post=37741"}],"version-history":[{"count":0,"href":"https:\/\/www.redenoticia.com.br\/noticia\/wp-json\/wp\/v2\/posts\/37741\/revisions"}],"wp:featuredmedia":[{"embeddable":true,"href":"https:\/\/www.redenoticia.com.br\/noticia\/wp-json\/wp\/v2\/media\/34460"}],"wp:attachment":[{"href":"https:\/\/www.redenoticia.com.br\/noticia\/wp-json\/wp\/v2\/media?parent=37741"}],"wp:term":[{"taxonomy":"category","embeddable":true,"href":"https:\/\/www.redenoticia.com.br\/noticia\/wp-json\/wp\/v2\/categories?post=37741"},{"taxonomy":"post_tag","embeddable":true,"href":"https:\/\/www.redenoticia.com.br\/noticia\/wp-json\/wp\/v2\/tags?post=37741"}],"curies":[{"name":"wp","href":"https:\/\/api.w.org\/{rel}","templated":true}]}}