{"id":37661,"date":"2011-12-29T10:07:24","date_gmt":"2011-12-29T12:07:24","guid":{"rendered":"http:\/\/www.redenoticia.com.br\/noticia\/?p=37661"},"modified":"2011-12-29T11:44:12","modified_gmt":"2011-12-29T13:44:12","slug":"funcionamento-dos-servicos-publicos-em-sp-neste-feriado-2212","status":"publish","type":"post","link":"https:\/\/www.redenoticia.com.br\/noticia\/2011\/funcionamento-dos-servicos-publicos-em-sp-neste-feriado-2212\/37661","title":{"rendered":"Servi\u00e7os p\u00fablicos em SP no feriado Ano Novo 2011\/2012"},"content":{"rendered":"<p><img loading=\"lazy\" decoding=\"async\" class=\"alignleft size-full wp-image-34681\" title=\"secovi sp\" src=\"https:\/\/www.redenoticia.com.br\/noticia\/imagens\/secovi-sp.jpg\" alt=\"\" width=\"300\" height=\"193\" srcset=\"https:\/\/www.redenoticia.com.br\/noticia\/imagens\/secovi-sp.jpg 300w, https:\/\/www.redenoticia.com.br\/noticia\/imagens\/secovi-sp-250x160.jpg 250w, https:\/\/www.redenoticia.com.br\/noticia\/imagens\/secovi-sp-150x96.jpg 150w\" sizes=\"auto, (max-width: 300px) 100vw, 300px\" \/><\/p>\n<p>Confira o funcionamento dos servi\u00e7os estaduais SP durante o feriado de <em><strong>Ano Novo<\/strong><\/em> 2011\/2012:\u00a0Poupatempo &#8211; os Postos Poupatempo ter\u00e3o o seguinte esquema de atendimento no per\u00edodo das festas de final de ano:<\/p>\n<p>30\/12 &#8211; sexta-feira: postos fechados. Atendimento telef\u00f4nico: das 7h \u00e0s 13h<br \/>\n31\/12 &#8211; s\u00e1bado: postos fechados. Atendimento telef\u00f4nico: n\u00e3o haver\u00e1<br \/>\n2\/1 &#8211; segunda-feira: postos abrem \u00e0s 12h. Atendimento telef\u00f4nico: normal das 7h \u00e0s 20h<\/p>\n<p>Os endere\u00e7os dos postos e todos os hor\u00e1rios de funcionamento podem ser consultados no site do Poupatempo (www.poupatempo.sp.gov.br).<\/p>\n<p>Procon<\/p>\n<p>Postos de atendimento pessoal (dentro do Poupatempo S\u00e9, Santo Amaro e Itaquera)<\/p>\n<p>Dia 30 de dezembro (sexta-feira): n\u00e3o haver\u00e1 atendimento<br \/>\nDia 31 de dezembro (s\u00e1bado): n\u00e3o haver\u00e1 atendimento<br \/>\nDia 1 de janeiro (domingo): n\u00e3o h\u00e1 atendimento<br \/>\nDia 2 de janeiro (segunda-feira): funcionamento a partir das 12h<\/p>\n<p>Atendimento telef\u00f4nico (151) e eletr\u00f4nico, fax (3824-0717), audi\u00eancias e administrativo<\/p>\n<p>Dia 30 de dezembro (sexta-feira): n\u00e3o haver\u00e1 atendimento<br \/>\nDia 31 de dezembro (s\u00e1bado): n\u00e3o haver\u00e1 atendimento<br \/>\nDia 1 de janeiro (domingo): n\u00e3o h\u00e1 atendimento<br \/>\nDia 2 de janeiro (segunda-feira): funcionamento a partir das 12h<\/p>\n<p>O hor\u00e1rio de atendimento dos Procons municipais fica a crit\u00e9rio da administra\u00e7\u00e3o municipal.<\/p>\n<p>Postos de Atendimento ao Trabalhador<\/p>\n<p>O hor\u00e1rio de atendimento dos PATs (Postos de Atendimento ao Trabalhador) fica a crit\u00e9rio da administra\u00e7\u00e3o municipal.<\/p>\n<p>Hospitais e Unidades de Sa\u00fade<\/p>\n<p>Entre sexta-feira, dia 30, e o meio-dia de segunda-feira, 1\u00b0 de janeiro, os prontos-socorros e setores de interna\u00e7\u00e3o dos hospitais estaduais ir\u00e3o funcionar normalmente. Mas haver\u00e1 plant\u00f5es nos servi\u00e7os de sa\u00fade para vacina\u00e7\u00e3o, doa\u00e7\u00e3o de sangue e atendimento m\u00e9dico de urg\u00eancia e emerg\u00eancia.<\/p>\n<p>Os Ambulat\u00f3rios M\u00e9dicos de Especialidades (AMEs), ambulat\u00f3rios de hospitais, farm\u00e1cias Dose Certa, farm\u00e1cias de Medicamentos Especializados (alto custo) e centros de sa\u00fade fecham na sexta, tamb\u00e9m retomando o atendimento normal na segunda-feira ao meio-dia.<\/p>\n<p>As demais unidades e servi\u00e7os de sa\u00fade dever\u00e3o permanecer fechados na sexta, s\u00e1bado e domingo, retomando o atendimento na segunda-feira.<\/p>\n<p>Funda\u00e7\u00e3o Pr\u00f3-Sangue<\/p>\n<p>Hor\u00e1rio de funcionamento dos postos da Pr\u00f3-Sangue:<\/p>\n<p>31 de dezembro, s\u00e1bado<br \/>\nPosto Cl\u00ednicas: das 8h \u00e0s 15h<br \/>\nPosto Dante Pazzanese: 8h \u00e0s 13h<br \/>\nPosto Regional Osasco: 8h \u00e0s 13h<br \/>\nPosto Mandaqui: fechado<br \/>\nPosto de Barueri: fechado<\/p>\n<p>1\u00ba de janeiro, domingo<br \/>\nPosto Cl\u00ednicas: fechado<br \/>\nPosto Dante Pazzanese: fechado<br \/>\nPosto Osasco: fechado<br \/>\nPosto Mandaqui: fechado<br \/>\nPosto de Barueri: fechado<\/p>\n<p>Sabesp<\/p>\n<p>Atendimento telef\u00f4nico e pela internet<\/p>\n<p>Central de Atendimento 195 (liga\u00e7\u00e3o gratuita): funciona 24 horas, atendendo aos casos emergenciais na Grande S\u00e3o Paulo.<\/p>\n<p>Central de atendimento interior e litoral do Estado: o telefone 0800-055-0195 atende 24 horas por dia para emerg\u00eancias nos munic\u00edpios operados pela Sabesp no interior e litoral do Estado.<\/p>\n<p>Disque Sabesp \/ Regi\u00e3o Metropolitana &#8211; 0800-011-9911 (liga\u00e7\u00e3o gratuita): atender\u00e1 das 7h \u00e0s 21h nos dia 2, segunda-feira. N\u00e3o haver\u00e1 expediente nos dias 30, 31 e 1\u00ba.<\/p>\n<p>Disque Poupatempo &#8211; 0800-772-3633: atender\u00e1 das 7h \u00e0s 13h na sexta-feira, 30, e das 7h \u00e0s 20h na segunda-feira, dia 2. N\u00e3o haver\u00e1 expediente no fim de semana (dias 31 e 1\u00ba).<\/p>\n<p>Sabesp Solu\u00e7\u00f5es Ambientais &#8211; 0800-771-2482: haver\u00e1 atendimento das 8h \u00e0s 18h no dia 2, segunda-feira. N\u00e3o haver\u00e1 expediente nos dias 30, 31 e 1\u00ba.<\/p>\n<p>Atendimento online: haver\u00e1 atendimento das 8h \u00e0s 21h no dia 2, segunda-feira. N\u00e3o haver\u00e1 expediente nos dias 30, 31 e 1\u00ba.<\/p>\n<p>Ouvidoria Sabesp &#8211; 0800-0550565: Atender\u00e1 normalmente nos dias 30 e 2 de janeiro. A ouvidoria funciona de segunda a sexta, das 8h \u00e0s 18h.<\/p>\n<p>Postos e ag\u00eancias de atendimento<\/p>\n<p>Regi\u00e3o Metropolitana de S\u00e3o Paulo<br \/>\nAg\u00eancias comerciais: haver\u00e1 atendimento das 12h \u00e0s 15h no dia 2, segunda-feira. N\u00e3o haver\u00e1 expediente nos dias 30, 31 e 1\u00ba.<\/p>\n<p>Postos Poupatempo: n\u00e3o funcionar\u00e3o no feriado. Haver\u00e1 atendimento no dia 2, segunda-feira, a partir das 12h.<\/p>\n<p>Interior e Litoral<br \/>\nAs Ag\u00eancias Sabesp no interior e no litoral n\u00e3o v\u00e3o funcionar no fim de semana, dias 31 e 1\u00ba. Veja abaixo como ser\u00e1 o funcionamento nos dias 30 (sexta-feira) e 2 (segunda-feira).<\/p>\n<p>Baixada Santista<br \/>\nDia 30: atendimento normal<br \/>\nDia 2: atendimento das 12h \u00e0s 16h<\/p>\n<p>Poupatempo &#8211; Santos &#8211; A ag\u00eancia de atendimento da Sabesp na unidade do Poupatempo de Santos estar\u00e1 fechada na sexta-feira e no s\u00e1bado, 30 e 31, retomando o atendimento no dia 2, segunda-feira \u00e0s 12h.<\/p>\n<p>Litoral Norte<br \/>\nDia 30: atendimento normal<br \/>\nDia 2: atendimento das 13h \u00e0s 16h<\/p>\n<p>Vale do Para\u00edba<br \/>\nDia 30: n\u00e3o haver\u00e1 atendimento<br \/>\nDia 2: atendimento das 12h \u00e0s 16h<\/p>\n<p>Poupatempo &#8211; S\u00e3o Jos\u00e9 dos Campos &#8211; A ag\u00eancia de atendimento da Sabesp na unidade do Poupatempo de S\u00e3o Jos\u00e9 dos Campos estar\u00e1 fechada na sexta-feira e no s\u00e1bado, retomando o atendimento na segunda-feira \u00e0s 12h.<\/p>\n<p>Vale do Ribeira<br \/>\nDia 30: As ag\u00eancias de atendimento de Cananeia, Iguape e Ilha Comprida funcionar\u00e3o das 9h \u00e0s 16h. As demais ag\u00eancias do Vale do Ribeira permanecer\u00e3o fechadas.<br \/>\nDia 26: atendimento das 13h \u00e0s 16h<\/p>\n<p>Do Portal do Governo do Estado<\/p>\n","protected":false},"excerpt":{"rendered":"<p>Confira o funcionamento dos servi\u00e7os estaduais SP durante o feriado de Ano Novo 2011\/2012:\u00a0Poupatempo &#8211; os Postos Poupatempo ter\u00e3o o seguinte esquema de atendimento no per\u00edodo das festas de final de ano: 30\/12 &#8211; sexta-feira: postos fechados. Atendimento telef\u00f4nico: das 7h \u00e0s 13h 31\/12 &#8211; s\u00e1bado: postos fechados. Atendimento telef\u00f4nico: n\u00e3o haver\u00e1 2\/1 &#8211; segunda-feira: [&hellip;]<\/p>\n","protected":false},"author":3,"featured_media":34681,"comment_status":"open","ping_status":"closed","sticky":false,"template":"","format":"standard","meta":{"_genesis_hide_title":false,"_genesis_hide_breadcrumbs":false,"_genesis_hide_singular_image":false,"_genesis_hide_footer_widgets":false,"_genesis_custom_body_class":"","_genesis_custom_post_class":"","_genesis_layout":"","_jetpack_memberships_contains_paid_content":false,"footnotes":""},"categories":[22],"tags":[],"class_list":{"0":"post-37661","1":"post","2":"type-post","3":"status-publish","4":"format-standard","5":"has-post-thumbnail","7":"category-brasil","8":"entry","9":"gs-1","10":"gs-odd","11":"gs-even","12":"gs-featured-content-entry"},"jetpack_featured_media_url":"https:\/\/www.redenoticia.com.br\/noticia\/imagens\/secovi-sp.jpg","jetpack_sharing_enabled":true,"jetpack_likes_enabled":true,"_links":{"self":[{"href":"https:\/\/www.redenoticia.com.br\/noticia\/wp-json\/wp\/v2\/posts\/37661","targetHints":{"allow":["GET"]}}],"collection":[{"href":"https:\/\/www.redenoticia.com.br\/noticia\/wp-json\/wp\/v2\/posts"}],"about":[{"href":"https:\/\/www.redenoticia.com.br\/noticia\/wp-json\/wp\/v2\/types\/post"}],"author":[{"embeddable":true,"href":"https:\/\/www.redenoticia.com.br\/noticia\/wp-json\/wp\/v2\/users\/3"}],"replies":[{"embeddable":true,"href":"https:\/\/www.redenoticia.com.br\/noticia\/wp-json\/wp\/v2\/comments?post=37661"}],"version-history":[{"count":0,"href":"https:\/\/www.redenoticia.com.br\/noticia\/wp-json\/wp\/v2\/posts\/37661\/revisions"}],"wp:featuredmedia":[{"embeddable":true,"href":"https:\/\/www.redenoticia.com.br\/noticia\/wp-json\/wp\/v2\/media\/34681"}],"wp:attachment":[{"href":"https:\/\/www.redenoticia.com.br\/noticia\/wp-json\/wp\/v2\/media?parent=37661"}],"wp:term":[{"taxonomy":"category","embeddable":true,"href":"https:\/\/www.redenoticia.com.br\/noticia\/wp-json\/wp\/v2\/categories?post=37661"},{"taxonomy":"post_tag","embeddable":true,"href":"https:\/\/www.redenoticia.com.br\/noticia\/wp-json\/wp\/v2\/tags?post=37661"}],"curies":[{"name":"wp","href":"https:\/\/api.w.org\/{rel}","templated":true}]}}